{"id":17690,"date":"2022-05-26T15:10:12","date_gmt":"2022-05-26T20:10:12","guid":{"rendered":"http:\/\/ugelchucuito.edu.pe\/portal\/?p=17690"},"modified":"2022-05-27T09:19:37","modified_gmt":"2022-05-27T14:19:37","slug":"director-de-la-ugel-chucuito-juli-propuso-proyectos-regionales-en-el-taller-del-plan-de-desarrollo-regional-concertado-puno-al-2030-desarrollado-en-juli","status":"publish","type":"post","link":"https:\/\/ugelchucuito.edu.pe\/portal\/2022\/05\/26\/director-de-la-ugel-chucuito-juli-propuso-proyectos-regionales-en-el-taller-del-plan-de-desarrollo-regional-concertado-puno-al-2030-desarrollado-en-juli\/","title":{"rendered":"DIRECTOR DE LA UGEL CHUCUITO-JULI, PROPUSO PROYECTOS REGIONALES, EN EL TALLER  DEL PLAN DE DESARROLLO REGIONAL CONCERTADO, PUNO AL 2030. DESARROLLADO EN JULI."},"content":{"rendered":"\n<p>Con la participaci\u00f3n de representantes de instituciones p\u00fablicas, representantes de las comunidades, productores agr\u00edcolas entre otros se desarroll\u00f3 el taller descentralizado para con el objetivo recabar proyecto de envergadura regional a ser considerados en el Plan Concertado Regional de Desarrollo al 2030.<\/p>\n\n\n\n<p>En el evento que estuvo organizado por el Gobierno regional, a trav\u00e9s de la gerencia de planeamiento, se desarroll\u00f3 en instalaciones del sal\u00f3n consistorial de la municipalidad de la provincia de Chucuito este \u00faltimo jueves 26 de mayo, donde se recogi\u00f3 las propuestas de proyectos de desarrollo, planteado por los representantes de instituciones y asociaciones,<\/p>\n\n\n\n<p>A su turno el Mg. Jos\u00e9 Gabriel Vizcarra Fajardo, presento la propuesta para el sector educaci\u00f3n, consistente en: Implementaci\u00f3n de una <strong>red de fibra \u00f3ptica<\/strong>, equipamiento con laptop a docentes, construcci\u00f3n de I.E. de educaci\u00f3n especial en cada provincia, con talleres dormitorios, comedores. promoviendo de esta manera la educaci\u00f3n inclusiva, atenci\u00f3n integral e inserci\u00f3n productiva.<\/p>\n\n\n\n<p><strong>Agua segura para todos<\/strong> que contribuir\u00eda a la mejorar\u00eda de la salud, higiene, erradicaci\u00f3n de la anemia, parasitosis e incremento de la producci\u00f3n agr\u00edcola. del mismo modo propuso la <strong>Construcci\u00f3n de comedores escolares<\/strong>, para garantizar, la seguridad alimentaria, erradicar la anemia y desnutrici\u00f3n infantil. Mejorar las condiciones de vida de la poblaci\u00f3n escolar y desarrollo humano.<\/p>\n\n\n\n<p>As\u00ed mismo propuso la implementaci\u00f3n de un proyecto que fomente el <strong>uso de la Energ\u00eda renovable<\/strong>, por \u00faltimo, el titular de la UGEL Chucuito- Juli, felicito a los asistentes y sus propuestas en cada rubro e invoco a seguir el camino que garantice el desarrollo de la regi\u00f3n, pero principalmente el desarrollo humano.<\/p>\n\n\n\n<div class=\"wp-block-file\"><a href=\"https:\/\/ugelchucuito.edu.pe\/portal\/wp-content\/uploads\/2022\/05\/nota-plan-concertado22.pdf\">Nota-plan-concertado22<\/a><a href=\"https:\/\/ugelchucuito.edu.pe\/portal\/wp-content\/uploads\/2022\/05\/nota-plan-concertado22.pdf\" class=\"wp-block-file__button\" download>Descarga<\/a><\/div>\n\n\n\n<p><\/p>\n","protected":false},"excerpt":{"rendered":"<p>Con la participaci\u00f3n de representantes de instituciones p\u00fablicas, representantes de las comunidades, productores agr\u00edcolas entre otros se desarroll\u00f3 el taller descentralizado para con el objetivo recabar proyecto de envergadura regional a ser considerados en el Plan Concertado Regional de Desarrollo al 2030. En el evento que estuvo organizado por el Gobierno regional, a trav\u00e9s de [&hellip;]<\/p>\n","protected":false},"author":212,"featured_media":0,"comment_status":"open","ping_status":"open","sticky":false,"template":"","format":"standard","meta":{"footnotes":""},"categories":[],"tags":[],"class_list":["post-17690","post","type-post","status-publish","format-standard","hentry"],"_links":{"self":[{"href":"https:\/\/ugelchucuito.edu.pe\/portal\/wp-json\/wp\/v2\/posts\/17690","targetHints":{"allow":["GET"]}}],"collection":[{"href":"https:\/\/ugelchucuito.edu.pe\/portal\/wp-json\/wp\/v2\/posts"}],"about":[{"href":"https:\/\/ugelchucuito.edu.pe\/portal\/wp-json\/wp\/v2\/types\/post"}],"author":[{"embeddable":true,"href":"https:\/\/ugelchucuito.edu.pe\/portal\/wp-json\/wp\/v2\/users\/212"}],"replies":[{"embeddable":true,"href":"https:\/\/ugelchucuito.edu.pe\/portal\/wp-json\/wp\/v2\/comments?post=17690"}],"version-history":[{"count":2,"href":"https:\/\/ugelchucuito.edu.pe\/portal\/wp-json\/wp\/v2\/posts\/17690\/revisions"}],"predecessor-version":[{"id":17695,"href":"https:\/\/ugelchucuito.edu.pe\/portal\/wp-json\/wp\/v2\/posts\/17690\/revisions\/17695"}],"wp:attachment":[{"href":"https:\/\/ugelchucuito.edu.pe\/portal\/wp-json\/wp\/v2\/media?parent=17690"}],"wp:term":[{"taxonomy":"category","embeddable":true,"href":"https:\/\/ugelchucuito.edu.pe\/portal\/wp-json\/wp\/v2\/categories?post=17690"},{"taxonomy":"post_tag","embeddable":true,"href":"https:\/\/ugelchucuito.edu.pe\/portal\/wp-json\/wp\/v2\/tags?post=17690"}],"curies":[{"name":"wp","href":"https:\/\/api.w.org\/{rel}","templated":true}]}}