{"id":17797,"date":"2022-06-10T12:46:32","date_gmt":"2022-06-10T17:46:32","guid":{"rendered":"http:\/\/ugelchucuito.edu.pe\/portal\/?p=17797"},"modified":"2022-06-10T13:24:45","modified_gmt":"2022-06-10T18:24:45","slug":"xii-congreso-internacional-de-educacion-encinas-del-14-al-17-de-junio","status":"publish","type":"post","link":"https:\/\/ugelchucuito.edu.pe\/portal\/2022\/06\/10\/xii-congreso-internacional-de-educacion-encinas-del-14-al-17-de-junio\/","title":{"rendered":"XII CONGRESO INTERNACIONAL DE EDUCACI\u00d3N ENCINAS, DEL 14 AL  17 DE JUNIO."},"content":{"rendered":"\n<p>Estimado maestro, maestra del \u00e1mbito de la UGEL Chucuito- Juli, previo saludo, ponemos en conocimiento que, la Derrama Magisterial en los pr\u00f3ximos d\u00edas desarrollar\u00e1 el XII Congreso Internacional de Educaci\u00f3n Encinas \u00abCamino a la transformaci\u00f3n global de la educaci\u00f3n\u00bb, a realizarse de manera virtual, libre y gratuita, del 14 al 17 de junio. Esta d\u00e9cimo segunda edici\u00f3n busca dar una mirada amplia al futuro de la educaci\u00f3n, a partir del an\u00e1lisis de reconocidos especialistas nacionales e internacionales. Debido a la importancia del tema los invitamos a ser participes de este evento dirigido a todos los docentes de entidades p\u00fablicas y privadas, padres de familia, estudiantes de educaci\u00f3n y p\u00fablico en general. \u00a1No te pierdas esta gran oportunidad! Inscr\u00edbete aqu\u00ed: <\/p>\n\n\n\n<p><a href=\"http:\/\/bit.ly\/Encinas2022\">http:\/\/bit.ly\/Encinas2022<\/a><\/p>\n\n\n\n<p><\/p>\n\n\n\n<p><\/p>\n\n\n\n<p><\/p>\n","protected":false},"excerpt":{"rendered":"<p>Estimado maestro, maestra del \u00e1mbito de la UGEL Chucuito- Juli, previo saludo, ponemos en conocimiento que, la Derrama Magisterial en los pr\u00f3ximos d\u00edas desarrollar\u00e1 el XII Congreso Internacional de Educaci\u00f3n Encinas \u00abCamino a la transformaci\u00f3n global de la educaci\u00f3n\u00bb, a realizarse de manera virtual, libre y gratuita, del 14 al 17 de junio. Esta d\u00e9cimo [&hellip;]<\/p>\n","protected":false},"author":212,"featured_media":0,"comment_status":"open","ping_status":"open","sticky":false,"template":"","format":"standard","meta":{"footnotes":""},"categories":[],"tags":[],"class_list":["post-17797","post","type-post","status-publish","format-standard","hentry"],"_links":{"self":[{"href":"https:\/\/ugelchucuito.edu.pe\/portal\/wp-json\/wp\/v2\/posts\/17797","targetHints":{"allow":["GET"]}}],"collection":[{"href":"https:\/\/ugelchucuito.edu.pe\/portal\/wp-json\/wp\/v2\/posts"}],"about":[{"href":"https:\/\/ugelchucuito.edu.pe\/portal\/wp-json\/wp\/v2\/types\/post"}],"author":[{"embeddable":true,"href":"https:\/\/ugelchucuito.edu.pe\/portal\/wp-json\/wp\/v2\/users\/212"}],"replies":[{"embeddable":true,"href":"https:\/\/ugelchucuito.edu.pe\/portal\/wp-json\/wp\/v2\/comments?post=17797"}],"version-history":[{"count":2,"href":"https:\/\/ugelchucuito.edu.pe\/portal\/wp-json\/wp\/v2\/posts\/17797\/revisions"}],"predecessor-version":[{"id":17800,"href":"https:\/\/ugelchucuito.edu.pe\/portal\/wp-json\/wp\/v2\/posts\/17797\/revisions\/17800"}],"wp:attachment":[{"href":"https:\/\/ugelchucuito.edu.pe\/portal\/wp-json\/wp\/v2\/media?parent=17797"}],"wp:term":[{"taxonomy":"category","embeddable":true,"href":"https:\/\/ugelchucuito.edu.pe\/portal\/wp-json\/wp\/v2\/categories?post=17797"},{"taxonomy":"post_tag","embeddable":true,"href":"https:\/\/ugelchucuito.edu.pe\/portal\/wp-json\/wp\/v2\/tags?post=17797"}],"curies":[{"name":"wp","href":"https:\/\/api.w.org\/{rel}","templated":true}]}}