{"id":17811,"date":"2022-06-12T19:24:18","date_gmt":"2022-06-13T00:24:18","guid":{"rendered":"http:\/\/ugelchucuito.edu.pe\/portal\/?p=17811"},"modified":"2022-06-12T19:24:19","modified_gmt":"2022-06-13T00:24:19","slug":"comunicado-de-la-convocatoria-adjudicacion-de-plazas-vacantes-para-contrato-docente-2022-ranking-pun-y-de-evaluacion-de-expedientes-se-reprograma-para-el-martes-14-de-junio","status":"publish","type":"post","link":"https:\/\/ugelchucuito.edu.pe\/portal\/2022\/06\/12\/comunicado-de-la-convocatoria-adjudicacion-de-plazas-vacantes-para-contrato-docente-2022-ranking-pun-y-de-evaluacion-de-expedientes-se-reprograma-para-el-martes-14-de-junio\/","title":{"rendered":"COMUNICADO DE LA CONVOCATORIA: ADJUDICACI\u00d3N DE PLAZAS VACANTES PARA CONTRATO DOCENTE 2022 \u2013 RANKING PUN y de EVALUACI\u00d3N DE EXPEDIENTES. Se reprograma para el martes 14 de Junio."},"content":{"rendered":"\n<p><strong><span class=\"has-inline-color has-vivid-red-color\">SE COMUNICA QUE DEBIDO A LA PUBLICACI\u00d3N DEL DECRETO SUPREMO N\u00ba 068-2022-PCM, SE REPROGRAMA LA ADJUDICACI\u00d3N INICIALMENTE PROGRAMADA PARA EL LUNES 13 DE JUNIO, SE REALIZAR\u00c1 A LA MISMA HORA Y LUGAR EL D\u00cdA MARTES 14 DE JUNIO DE 2022.<\/span><\/strong><\/p>\n\n\n\n<p><strong><span class=\"has-inline-color has-vivid-red-color\">OFICINA DE PERSONAL<\/span><\/strong><\/p>\n","protected":false},"excerpt":{"rendered":"<p>SE COMUNICA QUE DEBIDO A LA PUBLICACI\u00d3N DEL DECRETO SUPREMO N\u00ba 068-2022-PCM, SE REPROGRAMA LA ADJUDICACI\u00d3N INICIALMENTE PROGRAMADA PARA EL LUNES 13 DE JUNIO, SE REALIZAR\u00c1 A LA MISMA HORA Y LUGAR EL D\u00cdA MARTES 14 DE JUNIO DE 2022. OFICINA DE PERSONAL<\/p>\n","protected":false},"author":3,"featured_media":0,"comment_status":"open","ping_status":"open","sticky":false,"template":"","format":"standard","meta":{"footnotes":""},"categories":[],"tags":[],"class_list":["post-17811","post","type-post","status-publish","format-standard","hentry"],"_links":{"self":[{"href":"https:\/\/ugelchucuito.edu.pe\/portal\/wp-json\/wp\/v2\/posts\/17811","targetHints":{"allow":["GET"]}}],"collection":[{"href":"https:\/\/ugelchucuito.edu.pe\/portal\/wp-json\/wp\/v2\/posts"}],"about":[{"href":"https:\/\/ugelchucuito.edu.pe\/portal\/wp-json\/wp\/v2\/types\/post"}],"author":[{"embeddable":true,"href":"https:\/\/ugelchucuito.edu.pe\/portal\/wp-json\/wp\/v2\/users\/3"}],"replies":[{"embeddable":true,"href":"https:\/\/ugelchucuito.edu.pe\/portal\/wp-json\/wp\/v2\/comments?post=17811"}],"version-history":[{"count":1,"href":"https:\/\/ugelchucuito.edu.pe\/portal\/wp-json\/wp\/v2\/posts\/17811\/revisions"}],"predecessor-version":[{"id":17812,"href":"https:\/\/ugelchucuito.edu.pe\/portal\/wp-json\/wp\/v2\/posts\/17811\/revisions\/17812"}],"wp:attachment":[{"href":"https:\/\/ugelchucuito.edu.pe\/portal\/wp-json\/wp\/v2\/media?parent=17811"}],"wp:term":[{"taxonomy":"category","embeddable":true,"href":"https:\/\/ugelchucuito.edu.pe\/portal\/wp-json\/wp\/v2\/categories?post=17811"},{"taxonomy":"post_tag","embeddable":true,"href":"https:\/\/ugelchucuito.edu.pe\/portal\/wp-json\/wp\/v2\/tags?post=17811"}],"curies":[{"name":"wp","href":"https:\/\/api.w.org\/{rel}","templated":true}]}}