{"id":17832,"date":"2022-06-15T18:32:34","date_gmt":"2022-06-15T23:32:34","guid":{"rendered":"http:\/\/ugelchucuito.edu.pe\/portal\/?p=17832"},"modified":"2022-06-15T18:32:35","modified_gmt":"2022-06-15T23:32:35","slug":"directiva-regional-0014-2022-celebracion-del-ano-nuevo-andino-y-dia-del-campesino","status":"publish","type":"post","link":"https:\/\/ugelchucuito.edu.pe\/portal\/2022\/06\/15\/directiva-regional-0014-2022-celebracion-del-ano-nuevo-andino-y-dia-del-campesino\/","title":{"rendered":"DIRECTIVA REGIONAL 0014-2022 CELEBRACI\u00d3N DEL A\u00d1O NUEVO ANDINO Y D\u00cdA DEL CAMPESINO."},"content":{"rendered":"\n<div class=\"wp-block-file\"><a href=\"https:\/\/ugelchucuito.edu.pe\/portal\/wp-content\/uploads\/2022\/06\/OFICIO-ANO-NUEVO-ANDINO-Y-DIA-DEL-CAMPESINO.pdf\">OFICIO-ANO-NUEVO-ANDINO-Y-DIA-DEL-CAMPESINO<\/a><a href=\"https:\/\/ugelchucuito.edu.pe\/portal\/wp-content\/uploads\/2022\/06\/OFICIO-ANO-NUEVO-ANDINO-Y-DIA-DEL-CAMPESINO.pdf\" class=\"wp-block-file__button\" download>Descarga<\/a><\/div>\n\n\n\n<div class=\"wp-block-file\"><a href=\"https:\/\/ugelchucuito.edu.pe\/portal\/wp-content\/uploads\/2022\/06\/DIRECTIVA-REGIONAL-014_MES-DE-LA-IDENTIDAD-ANDINO-AMAZONICO.pdf\">DIRECTIVA-REGIONAL-014_MES-DE-LA-IDENTIDAD-ANDINO-AMAZONICO<\/a><a href=\"https:\/\/ugelchucuito.edu.pe\/portal\/wp-content\/uploads\/2022\/06\/DIRECTIVA-REGIONAL-014_MES-DE-LA-IDENTIDAD-ANDINO-AMAZONICO.pdf\" class=\"wp-block-file__button\" download>Descarga<\/a><\/div>\n","protected":false},"excerpt":{"rendered":"","protected":false},"author":212,"featured_media":0,"comment_status":"open","ping_status":"open","sticky":false,"template":"","format":"standard","meta":{"footnotes":""},"categories":[],"tags":[],"class_list":["post-17832","post","type-post","status-publish","format-standard","hentry"],"_links":{"self":[{"href":"https:\/\/ugelchucuito.edu.pe\/portal\/wp-json\/wp\/v2\/posts\/17832","targetHints":{"allow":["GET"]}}],"collection":[{"href":"https:\/\/ugelchucuito.edu.pe\/portal\/wp-json\/wp\/v2\/posts"}],"about":[{"href":"https:\/\/ugelchucuito.edu.pe\/portal\/wp-json\/wp\/v2\/types\/post"}],"author":[{"embeddable":true,"href":"https:\/\/ugelchucuito.edu.pe\/portal\/wp-json\/wp\/v2\/users\/212"}],"replies":[{"embeddable":true,"href":"https:\/\/ugelchucuito.edu.pe\/portal\/wp-json\/wp\/v2\/comments?post=17832"}],"version-history":[{"count":1,"href":"https:\/\/ugelchucuito.edu.pe\/portal\/wp-json\/wp\/v2\/posts\/17832\/revisions"}],"predecessor-version":[{"id":17836,"href":"https:\/\/ugelchucuito.edu.pe\/portal\/wp-json\/wp\/v2\/posts\/17832\/revisions\/17836"}],"wp:attachment":[{"href":"https:\/\/ugelchucuito.edu.pe\/portal\/wp-json\/wp\/v2\/media?parent=17832"}],"wp:term":[{"taxonomy":"category","embeddable":true,"href":"https:\/\/ugelchucuito.edu.pe\/portal\/wp-json\/wp\/v2\/categories?post=17832"},{"taxonomy":"post_tag","embeddable":true,"href":"https:\/\/ugelchucuito.edu.pe\/portal\/wp-json\/wp\/v2\/tags?post=17832"}],"curies":[{"name":"wp","href":"https:\/\/api.w.org\/{rel}","templated":true}]}}