{"id":18071,"date":"2022-07-15T14:58:54","date_gmt":"2022-07-15T19:58:54","guid":{"rendered":"http:\/\/ugelchucuito.edu.pe\/portal\/?p=18071"},"modified":"2022-07-15T14:58:56","modified_gmt":"2022-07-15T19:58:56","slug":"martes-19-de-julio-reunion-virtual-de-directivos-del-nivel-secundaria-primaria-y-ceba","status":"publish","type":"post","link":"https:\/\/ugelchucuito.edu.pe\/portal\/2022\/07\/15\/martes-19-de-julio-reunion-virtual-de-directivos-del-nivel-secundaria-primaria-y-ceba\/","title":{"rendered":"Martes 19 de julio: Reuni\u00f3n virtual de Directivos del Nivel Secundaria, Primaria y CEBA"},"content":{"rendered":"\n<p>\u00a0Estimados Directivos del Nivel Secundaria, Primaria y CEBA reciban un cordial saludo; mediante el presente ponemos de su conocimiento la convocatoria a reuni\u00f3n virtual de directivos que se desarrollar\u00e1 con el siguiente detalle:<\/p>\n\n\n\n<p>D\u00eda y hora: Martes 19 jul 2022 05:00 p.\u00a0m. Lima<\/p>\n\n\n\n<p>Enlace de la reuni\u00f3n Zoom<\/p>\n\n\n\n<p><a href=\"https:\/\/us06web.zoom.us\/j\/83475467843?pwd=N1d4MGVnT210N2tQR1g0SDFFbzVGZz09\">https:\/\/us06web.zoom.us\/j\/83475467843?pwd=N1d4MGVnT210N2tQR1g0SDFFbzVGZz09<\/a><\/p>\n\n\n\n<p>Agenda a tratar:<\/p>\n\n\n\n<ul class=\"wp-block-list\"><li>Concursos Educativos Nacionales y<\/li><li>Seguimiento de las semanas de gesti\u00f3n.<\/li><\/ul>\n\n\n\n<p>Los esperamos muy cordialmente.<\/p>\n\n\n\n<div class=\"wp-block-file\"><a href=\"https:\/\/ugelchucuito.edu.pe\/portal\/wp-content\/uploads\/2022\/07\/OFICIO-MULTIPLE-N\u00b0-0092-2022-MINEDU-DREP-UGELCH-AGP.pdf\">OFICIO-MULTIPLE-N\u00b0-0092-2022-MINEDU-DREP-UGELCH-AGP<\/a><a href=\"https:\/\/ugelchucuito.edu.pe\/portal\/wp-content\/uploads\/2022\/07\/OFICIO-MULTIPLE-N\u00b0-0092-2022-MINEDU-DREP-UGELCH-AGP.pdf\" class=\"wp-block-file__button\" download>Descarga<\/a><\/div>\n","protected":false},"excerpt":{"rendered":"<p>\u00a0Estimados Directivos del Nivel Secundaria, Primaria y CEBA reciban un cordial saludo; mediante el presente ponemos de su conocimiento la convocatoria a reuni\u00f3n virtual de directivos que se desarrollar\u00e1 con el siguiente detalle: D\u00eda y hora: Martes 19 jul 2022 05:00 p.\u00a0m. Lima Enlace de la reuni\u00f3n Zoom https:\/\/us06web.zoom.us\/j\/83475467843?pwd=N1d4MGVnT210N2tQR1g0SDFFbzVGZz09 Agenda a tratar: Concursos Educativos Nacionales [&hellip;]<\/p>\n","protected":false},"author":2,"featured_media":0,"comment_status":"open","ping_status":"open","sticky":false,"template":"","format":"standard","meta":{"footnotes":""},"categories":[],"tags":[],"class_list":["post-18071","post","type-post","status-publish","format-standard","hentry"],"_links":{"self":[{"href":"https:\/\/ugelchucuito.edu.pe\/portal\/wp-json\/wp\/v2\/posts\/18071","targetHints":{"allow":["GET"]}}],"collection":[{"href":"https:\/\/ugelchucuito.edu.pe\/portal\/wp-json\/wp\/v2\/posts"}],"about":[{"href":"https:\/\/ugelchucuito.edu.pe\/portal\/wp-json\/wp\/v2\/types\/post"}],"author":[{"embeddable":true,"href":"https:\/\/ugelchucuito.edu.pe\/portal\/wp-json\/wp\/v2\/users\/2"}],"replies":[{"embeddable":true,"href":"https:\/\/ugelchucuito.edu.pe\/portal\/wp-json\/wp\/v2\/comments?post=18071"}],"version-history":[{"count":1,"href":"https:\/\/ugelchucuito.edu.pe\/portal\/wp-json\/wp\/v2\/posts\/18071\/revisions"}],"predecessor-version":[{"id":18073,"href":"https:\/\/ugelchucuito.edu.pe\/portal\/wp-json\/wp\/v2\/posts\/18071\/revisions\/18073"}],"wp:attachment":[{"href":"https:\/\/ugelchucuito.edu.pe\/portal\/wp-json\/wp\/v2\/media?parent=18071"}],"wp:term":[{"taxonomy":"category","embeddable":true,"href":"https:\/\/ugelchucuito.edu.pe\/portal\/wp-json\/wp\/v2\/categories?post=18071"},{"taxonomy":"post_tag","embeddable":true,"href":"https:\/\/ugelchucuito.edu.pe\/portal\/wp-json\/wp\/v2\/tags?post=18071"}],"curies":[{"name":"wp","href":"https:\/\/api.w.org\/{rel}","templated":true}]}}