{"id":18222,"date":"2022-08-04T11:59:27","date_gmt":"2022-08-04T16:59:27","guid":{"rendered":"http:\/\/ugelchucuito.edu.pe\/portal\/?p=18222"},"modified":"2022-08-04T11:59:29","modified_gmt":"2022-08-04T16:59:29","slug":"comunicado-n-02-2022-de-la-cora-ugel-chucuito-juli-proceso-de-racionalizacion-del-personal-administrativo-de-las-ii-ee-de-educacion-basica-y-tecnico-productiva-del-ambito-de-la-ugel-c","status":"publish","type":"post","link":"https:\/\/ugelchucuito.edu.pe\/portal\/2022\/08\/04\/comunicado-n-02-2022-de-la-cora-ugel-chucuito-juli-proceso-de-racionalizacion-del-personal-administrativo-de-las-ii-ee-de-educacion-basica-y-tecnico-productiva-del-ambito-de-la-ugel-c\/","title":{"rendered":"COMUNICADO N\u00b0 02-2022 DE LA CORA UGEL CHUCUITO JULI \u2013 PROCESO DE RACIONALIZACI\u00d3N DEL PERSONAL ADMINISTRATIVO DE LAS II.EE. DE EDUCACI\u00d3N B\u00c1SICA Y TECNICO PRODUCTIVA DEL \u00c1MBITO DE LA UGEL CHUCUITO \u2013 2022"},"content":{"rendered":"\n<div class=\"wp-block-file\"><a href=\"http:\/\/ugelchucuito.edu.pe\/portal\/wp-content\/uploads\/2022\/08\/Comunicado-N\u00b002-2022_CORA-UGEL-CHJ.pdf\" target=\"_blank\" rel=\"noreferrer noopener\"><strong><span class=\"has-inline-color has-vivid-cyan-blue-color\">&#8211; VER COMUNICADO<\/span><\/strong><\/a><a href=\"http:\/\/ugelchucuito.edu.pe\/portal\/wp-content\/uploads\/2022\/08\/Comunicado-N\u00b002-2022_CORA-UGEL-CHJ.pdf\" class=\"wp-block-file__button\" download>Descarga<\/a><\/div>\n","protected":false},"excerpt":{"rendered":"","protected":false},"author":3,"featured_media":0,"comment_status":"open","ping_status":"open","sticky":false,"template":"","format":"standard","meta":{"footnotes":""},"categories":[],"tags":[],"class_list":["post-18222","post","type-post","status-publish","format-standard","hentry"],"_links":{"self":[{"href":"https:\/\/ugelchucuito.edu.pe\/portal\/wp-json\/wp\/v2\/posts\/18222","targetHints":{"allow":["GET"]}}],"collection":[{"href":"https:\/\/ugelchucuito.edu.pe\/portal\/wp-json\/wp\/v2\/posts"}],"about":[{"href":"https:\/\/ugelchucuito.edu.pe\/portal\/wp-json\/wp\/v2\/types\/post"}],"author":[{"embeddable":true,"href":"https:\/\/ugelchucuito.edu.pe\/portal\/wp-json\/wp\/v2\/users\/3"}],"replies":[{"embeddable":true,"href":"https:\/\/ugelchucuito.edu.pe\/portal\/wp-json\/wp\/v2\/comments?post=18222"}],"version-history":[{"count":1,"href":"https:\/\/ugelchucuito.edu.pe\/portal\/wp-json\/wp\/v2\/posts\/18222\/revisions"}],"predecessor-version":[{"id":18224,"href":"https:\/\/ugelchucuito.edu.pe\/portal\/wp-json\/wp\/v2\/posts\/18222\/revisions\/18224"}],"wp:attachment":[{"href":"https:\/\/ugelchucuito.edu.pe\/portal\/wp-json\/wp\/v2\/media?parent=18222"}],"wp:term":[{"taxonomy":"category","embeddable":true,"href":"https:\/\/ugelchucuito.edu.pe\/portal\/wp-json\/wp\/v2\/categories?post=18222"},{"taxonomy":"post_tag","embeddable":true,"href":"https:\/\/ugelchucuito.edu.pe\/portal\/wp-json\/wp\/v2\/tags?post=18222"}],"curies":[{"name":"wp","href":"https:\/\/api.w.org\/{rel}","templated":true}]}}