{"id":18248,"date":"2022-08-05T12:32:10","date_gmt":"2022-08-05T17:32:10","guid":{"rendered":"http:\/\/ugelchucuito.edu.pe\/portal\/?p=18248"},"modified":"2022-08-05T12:32:11","modified_gmt":"2022-08-05T17:32:11","slug":"convocatoria-adjudicacion-de-plaza-vacante-para-contrato-docente-2022-ranking-p-u-n-lunes-08-de-agosto","status":"publish","type":"post","link":"https:\/\/ugelchucuito.edu.pe\/portal\/2022\/08\/05\/convocatoria-adjudicacion-de-plaza-vacante-para-contrato-docente-2022-ranking-p-u-n-lunes-08-de-agosto\/","title":{"rendered":"CONVOCATORIA: ADJUDICACI\u00d3N DE PLAZA VACANTE PARA CONTRATO DOCENTE 2022 \u2013 RANKING P.U.N. Lunes 08 de Agosto."},"content":{"rendered":"\n<div class=\"wp-block-file\"><a href=\"http:\/\/ugelchucuito.edu.pe\/portal\/wp-content\/uploads\/2022\/08\/PLAZA-VACANTE-PARA-CONTRATO-DOCENTE-PUN-05-08-2022.pdf\" target=\"_blank\" rel=\"noreferrer noopener\"><strong><span class=\"has-inline-color has-vivid-cyan-blue-color\">&#8211; VER REPORTE DE PLAZA VACANTE<\/span><\/strong><\/a><a href=\"http:\/\/ugelchucuito.edu.pe\/portal\/wp-content\/uploads\/2022\/08\/PLAZA-VACANTE-PARA-CONTRATO-DOCENTE-PUN-05-08-2022.pdf\" class=\"wp-block-file__button\" download>Descarga<\/a><\/div>\n\n\n\n<p><strong><span class=\"has-inline-color has-vivid-red-color\">La Comisi\u00f3n de Contrato Docente 2022, COMUNICA Y CONVOCA AL PROCESO DE ADJUDICACI\u00d3N DE CONTRATACI\u00d3N POR RESULTADOS DE LA P.U.N. de la plaza vacante adjunta en la presente convocatoria.<\/span><\/strong><\/p>\n\n\n\n<p><span class=\"has-inline-color has-vivid-cyan-blue-color\"><strong>LOCAL DE ADJUDICACI\u00d3N: Sede de la UGEL Chucuito<\/strong><\/span><\/p>\n\n\n\n<p><span class=\"has-inline-color has-vivid-cyan-blue-color\"><strong>D\u00cdA DE ADJUDICACI\u00d3N:<\/strong>\u00a0<strong>Lunes 08 de Agosto de 2022<\/strong>\u00a0<\/span><\/p>\n\n\n\n<p><strong><span class=\"has-inline-color has-vivid-cyan-blue-color\">HORA DE INICIO: 9:30 a.m.<\/span><\/strong><\/p>\n\n\n\n<p><span class=\"has-inline-color has-vivid-red-color\"><strong>NOTA:\u00a0<\/strong>Todos los postulantes deber\u00e1n contar con la\u00a0<strong>TERCERA DOSIS<\/strong>\u00a0contra la COVID \u2013 19, adem\u00e1s de prever las exigencias sanitarias establecidas por las autoridades competentes, que ser\u00e1n de estricto cumplimiento durante el proceso de adjudicaci\u00f3n.<\/span><\/p>\n","protected":false},"excerpt":{"rendered":"<p>La Comisi\u00f3n de Contrato Docente 2022, COMUNICA Y CONVOCA AL PROCESO DE ADJUDICACI\u00d3N DE CONTRATACI\u00d3N POR RESULTADOS DE LA P.U.N. de la plaza vacante adjunta en la presente convocatoria. LOCAL DE ADJUDICACI\u00d3N: Sede de la UGEL Chucuito D\u00cdA DE ADJUDICACI\u00d3N:\u00a0Lunes 08 de Agosto de 2022\u00a0 HORA DE INICIO: 9:30 a.m. NOTA:\u00a0Todos los postulantes deber\u00e1n contar [&hellip;]<\/p>\n","protected":false},"author":3,"featured_media":0,"comment_status":"open","ping_status":"open","sticky":false,"template":"","format":"standard","meta":{"footnotes":""},"categories":[],"tags":[],"class_list":["post-18248","post","type-post","status-publish","format-standard","hentry"],"_links":{"self":[{"href":"https:\/\/ugelchucuito.edu.pe\/portal\/wp-json\/wp\/v2\/posts\/18248","targetHints":{"allow":["GET"]}}],"collection":[{"href":"https:\/\/ugelchucuito.edu.pe\/portal\/wp-json\/wp\/v2\/posts"}],"about":[{"href":"https:\/\/ugelchucuito.edu.pe\/portal\/wp-json\/wp\/v2\/types\/post"}],"author":[{"embeddable":true,"href":"https:\/\/ugelchucuito.edu.pe\/portal\/wp-json\/wp\/v2\/users\/3"}],"replies":[{"embeddable":true,"href":"https:\/\/ugelchucuito.edu.pe\/portal\/wp-json\/wp\/v2\/comments?post=18248"}],"version-history":[{"count":1,"href":"https:\/\/ugelchucuito.edu.pe\/portal\/wp-json\/wp\/v2\/posts\/18248\/revisions"}],"predecessor-version":[{"id":18250,"href":"https:\/\/ugelchucuito.edu.pe\/portal\/wp-json\/wp\/v2\/posts\/18248\/revisions\/18250"}],"wp:attachment":[{"href":"https:\/\/ugelchucuito.edu.pe\/portal\/wp-json\/wp\/v2\/media?parent=18248"}],"wp:term":[{"taxonomy":"category","embeddable":true,"href":"https:\/\/ugelchucuito.edu.pe\/portal\/wp-json\/wp\/v2\/categories?post=18248"},{"taxonomy":"post_tag","embeddable":true,"href":"https:\/\/ugelchucuito.edu.pe\/portal\/wp-json\/wp\/v2\/tags?post=18248"}],"curies":[{"name":"wp","href":"https:\/\/api.w.org\/{rel}","templated":true}]}}