{"id":19258,"date":"2022-11-29T11:22:26","date_gmt":"2022-11-29T16:22:26","guid":{"rendered":"http:\/\/ugelchucuito.edu.pe\/portal\/?p=19258"},"modified":"2022-11-29T14:00:38","modified_gmt":"2022-11-29T19:00:38","slug":"atencion-evaluacion-del-desempeno-en-cargos-directivos-de-iiee-de-ebr-2022","status":"publish","type":"post","link":"https:\/\/ugelchucuito.edu.pe\/portal\/2022\/11\/29\/atencion-evaluacion-del-desempeno-en-cargos-directivos-de-iiee-de-ebr-2022\/","title":{"rendered":"\u00a1ATENCI\u00d3N! EVALUACI\u00d3N DEL DESEMPE\u00d1O EN CARGOS DIRECTIVOS DE IIEE DE EBR 2022"},"content":{"rendered":"\n<p>Estimados Directivos designados de las IIEE, comunicarles que se ha recibido el Cronograma de la Evaluaci\u00f3n del Desempe\u00f1o en Cargos de Directivos de Instituciones Educativas de Educaci\u00f3n B\u00e1sica y T\u00e9cnico- Productiva en el marco de la Carrera P\u00fablica Magisterial de la Ley de Reforma Magisterial de parte del Comit\u00e9 de Evaluaci\u00f3n de la UGEL Chucuito Juli. Al respecto, esta Direcci\u00f3n da conformidad a las actividades descritas en el citado cronograma que regula todo el procedimiento para la organizaci\u00f3n, implementaci\u00f3n y ejecuci\u00f3n \u00a0de la citada evaluaci\u00f3n; en ese sentido, se da por establecido el cronograma que regular\u00e1 la Evaluaci\u00f3n del Desempe\u00f1o en Cargos de Directivos de Instituciones Educativas de Educaci\u00f3n B\u00e1sica en el marco de la Carrera P\u00fablica Magisterial de la Ley de Reforma Magisterial; disponi\u00e9ndose su publicaci\u00f3n en el portal institucional de Unidad de Gesti\u00f3n Educativa Local Chucuito Juli.<\/p>\n\n\n\n<div class=\"wp-block-file\"><a href=\"https:\/\/ugelchucuito.edu.pe\/portal\/wp-content\/uploads\/2022\/11\/OFICIO-N\u00b0-1149-2022-DIFUSION-DE-CRONOGRAMA-1.pdf\">OFICIO-N\u00b0-1149-2022 &#8211; CRONOGRAMA &#8211; COMUNICADO<\/a><a href=\"https:\/\/ugelchucuito.edu.pe\/portal\/wp-content\/uploads\/2022\/11\/OFICIO-N\u00b0-1149-2022-DIFUSION-DE-CRONOGRAMA-1.pdf\" class=\"wp-block-file__button\" download>Descarga<\/a><\/div>\n\n\n\n<div class=\"wp-block-file\"><a href=\"https:\/\/ugelchucuito.edu.pe\/portal\/wp-content\/uploads\/2022\/11\/DIRECTIVOS-A-EVALUAR.pdf\">RELACI\u00d3N-DIRECTIVOS-A-EVALUAR<\/a><a href=\"https:\/\/ugelchucuito.edu.pe\/portal\/wp-content\/uploads\/2022\/11\/DIRECTIVOS-A-EVALUAR.pdf\" class=\"wp-block-file__button\" download>Descarga<\/a><\/div>\n","protected":false},"excerpt":{"rendered":"<p>Estimados Directivos designados de las IIEE, comunicarles que se ha recibido el Cronograma de la Evaluaci\u00f3n del Desempe\u00f1o en Cargos de Directivos de Instituciones Educativas de Educaci\u00f3n B\u00e1sica y T\u00e9cnico- Productiva en el marco de la Carrera P\u00fablica Magisterial de la Ley de Reforma Magisterial de parte del Comit\u00e9 de Evaluaci\u00f3n de la UGEL Chucuito [&hellip;]<\/p>\n","protected":false},"author":2,"featured_media":0,"comment_status":"open","ping_status":"open","sticky":false,"template":"","format":"standard","meta":{"footnotes":""},"categories":[],"tags":[],"class_list":["post-19258","post","type-post","status-publish","format-standard","hentry"],"_links":{"self":[{"href":"https:\/\/ugelchucuito.edu.pe\/portal\/wp-json\/wp\/v2\/posts\/19258","targetHints":{"allow":["GET"]}}],"collection":[{"href":"https:\/\/ugelchucuito.edu.pe\/portal\/wp-json\/wp\/v2\/posts"}],"about":[{"href":"https:\/\/ugelchucuito.edu.pe\/portal\/wp-json\/wp\/v2\/types\/post"}],"author":[{"embeddable":true,"href":"https:\/\/ugelchucuito.edu.pe\/portal\/wp-json\/wp\/v2\/users\/2"}],"replies":[{"embeddable":true,"href":"https:\/\/ugelchucuito.edu.pe\/portal\/wp-json\/wp\/v2\/comments?post=19258"}],"version-history":[{"count":2,"href":"https:\/\/ugelchucuito.edu.pe\/portal\/wp-json\/wp\/v2\/posts\/19258\/revisions"}],"predecessor-version":[{"id":19264,"href":"https:\/\/ugelchucuito.edu.pe\/portal\/wp-json\/wp\/v2\/posts\/19258\/revisions\/19264"}],"wp:attachment":[{"href":"https:\/\/ugelchucuito.edu.pe\/portal\/wp-json\/wp\/v2\/media?parent=19258"}],"wp:term":[{"taxonomy":"category","embeddable":true,"href":"https:\/\/ugelchucuito.edu.pe\/portal\/wp-json\/wp\/v2\/categories?post=19258"},{"taxonomy":"post_tag","embeddable":true,"href":"https:\/\/ugelchucuito.edu.pe\/portal\/wp-json\/wp\/v2\/tags?post=19258"}],"curies":[{"name":"wp","href":"https:\/\/api.w.org\/{rel}","templated":true}]}}