{"id":19341,"date":"2022-12-13T06:08:42","date_gmt":"2022-12-13T11:08:42","guid":{"rendered":"http:\/\/ugelchucuito.edu.pe\/portal\/?p=19341"},"modified":"2022-12-13T08:12:14","modified_gmt":"2022-12-13T13:12:14","slug":"comunicado-suspension-de-labores-educativas-en-el-ambito-de-la-region-puno","status":"publish","type":"post","link":"https:\/\/ugelchucuito.edu.pe\/portal\/2022\/12\/13\/comunicado-suspension-de-labores-educativas-en-el-ambito-de-la-region-puno\/","title":{"rendered":"COMUNICADO: SUSPENSI\u00d3N  DE LABORES EDUCATIVAS EN EL AMBITO DE LA REGI\u00d3N PUNO."},"content":{"rendered":"\n<p>COMUNICADO N\u00ba 026-2022<br>La Direcci\u00f3n Regional de Educaci\u00f3n de Puno, en coordinaci\u00f3n realizada con los Directores de las 14 Unidades de Gesti\u00f3n Educativa Local, comunican a los Directivos de las Instituciones Educativas y a la comunidad en general lo siguiente:<br>Que, en salvaguarda de la integridad f\u00edsica y emocional de nuestros estudiantes, docentes, auxiliares y administrativos, y frente a los \u00faltimos acontecimientos pol\u00edticos y sociales por los que atraviesa nuestro pa\u00eds, se ha decidido SUSPENDER LAS LABORES EDUCATIVAS EN EL AMBITO DE LA REGION PUNO.<br>Las UGEL, en coordinaci\u00f3n con los directores de Instituciones Educativas deber\u00e1n asumir estrategias para garantizar la culminaci\u00f3n del presente a\u00f1o escolar, acciones que ser\u00e1n informadas a la Direcci\u00f3n Regional de Educaci\u00f3n.<br>Finalmente, invocamos a los actores pol\u00edticos del Poder Ejecutivo y Legislativo atender las demandas de la poblaci\u00f3n que ayuden a restaurar la paz social y la convivencia democr\u00e1tica.<br>Puno, 12 de diciembre de 2022<\/p>\n\n\n\n<p>OFICINA DE IMAGEN INSTITUCIONAL<br>DIRECCI\u00d3N REGIONAL DE EDUCACI\u00d3N PUNO.<\/p>\n\n\n\n<p><\/p>\n\n\n\n<figure class=\"wp-block-image size-large\"><img decoding=\"async\" src=\"https:\/\/ugelchucuito.edu.pe\/portal\/wp-content\/uploads\/2022\/12\/WhatsApp-Image-2022-12-13-at-7.40.52-AM-1-724x1024.jpeg\" alt=\"\" class=\"wp-image-19346\" \/><\/figure>\n","protected":false},"excerpt":{"rendered":"<p>COMUNICADO N\u00ba 026-2022La Direcci\u00f3n Regional de Educaci\u00f3n de Puno, en coordinaci\u00f3n realizada con los Directores de las 14 Unidades de Gesti\u00f3n Educativa Local, comunican a los Directivos de las Instituciones Educativas y a la comunidad en general lo siguiente:Que, en salvaguarda de la integridad f\u00edsica y emocional de nuestros estudiantes, docentes, auxiliares y administrativos, y [&hellip;]<\/p>\n","protected":false},"author":212,"featured_media":0,"comment_status":"open","ping_status":"open","sticky":false,"template":"","format":"standard","meta":{"footnotes":""},"categories":[],"tags":[],"class_list":["post-19341","post","type-post","status-publish","format-standard","hentry"],"_links":{"self":[{"href":"https:\/\/ugelchucuito.edu.pe\/portal\/wp-json\/wp\/v2\/posts\/19341","targetHints":{"allow":["GET"]}}],"collection":[{"href":"https:\/\/ugelchucuito.edu.pe\/portal\/wp-json\/wp\/v2\/posts"}],"about":[{"href":"https:\/\/ugelchucuito.edu.pe\/portal\/wp-json\/wp\/v2\/types\/post"}],"author":[{"embeddable":true,"href":"https:\/\/ugelchucuito.edu.pe\/portal\/wp-json\/wp\/v2\/users\/212"}],"replies":[{"embeddable":true,"href":"https:\/\/ugelchucuito.edu.pe\/portal\/wp-json\/wp\/v2\/comments?post=19341"}],"version-history":[{"count":2,"href":"https:\/\/ugelchucuito.edu.pe\/portal\/wp-json\/wp\/v2\/posts\/19341\/revisions"}],"predecessor-version":[{"id":19347,"href":"https:\/\/ugelchucuito.edu.pe\/portal\/wp-json\/wp\/v2\/posts\/19341\/revisions\/19347"}],"wp:attachment":[{"href":"https:\/\/ugelchucuito.edu.pe\/portal\/wp-json\/wp\/v2\/media?parent=19341"}],"wp:term":[{"taxonomy":"category","embeddable":true,"href":"https:\/\/ugelchucuito.edu.pe\/portal\/wp-json\/wp\/v2\/categories?post=19341"},{"taxonomy":"post_tag","embeddable":true,"href":"https:\/\/ugelchucuito.edu.pe\/portal\/wp-json\/wp\/v2\/tags?post=19341"}],"curies":[{"name":"wp","href":"https:\/\/api.w.org\/{rel}","templated":true}]}}