{"id":19389,"date":"2022-12-19T11:46:46","date_gmt":"2022-12-19T16:46:46","guid":{"rendered":"http:\/\/ugelchucuito.edu.pe\/portal\/?p=19389"},"modified":"2022-12-19T12:37:32","modified_gmt":"2022-12-19T17:37:32","slug":"comunicado-n-02","status":"publish","type":"post","link":"https:\/\/ugelchucuito.edu.pe\/portal\/2022\/12\/19\/comunicado-n-02\/","title":{"rendered":"COMUNICADO N\u00b0 02"},"content":{"rendered":"\n<p>Comit\u00e9 de Contrataci\u00f3n de Personal Administrativo de la Unidad de Gesti\u00f3n Educativa Local Chucuito- Juli, sobre Absoluci\u00f3n de reclamos\u00a0 y entrevista personal del Proceso de Selecci\u00f3n de Personal Administrativo para Contrato 2023.<\/p>\n\n\n\n<div class=\"wp-block-file\"><a href=\"https:\/\/ugelchucuito.edu.pe\/portal\/wp-content\/uploads\/2022\/12\/COMUNICADO-2-LINK.docx\">COMUNICADO-2-LINK<\/a><a href=\"https:\/\/ugelchucuito.edu.pe\/portal\/wp-content\/uploads\/2022\/12\/COMUNICADO-2-LINK.docx\" class=\"wp-block-file__button\" download>Descarga<\/a><\/div>\n\n\n\n<p><\/p>\n","protected":false},"excerpt":{"rendered":"<p>Comit\u00e9 de Contrataci\u00f3n de Personal Administrativo de la Unidad de Gesti\u00f3n Educativa Local Chucuito- Juli, sobre Absoluci\u00f3n de reclamos\u00a0 y entrevista personal del Proceso de Selecci\u00f3n de Personal Administrativo para Contrato 2023.<\/p>\n","protected":false},"author":212,"featured_media":0,"comment_status":"open","ping_status":"open","sticky":false,"template":"","format":"standard","meta":{"footnotes":""},"categories":[],"tags":[],"class_list":["post-19389","post","type-post","status-publish","format-standard","hentry"],"_links":{"self":[{"href":"https:\/\/ugelchucuito.edu.pe\/portal\/wp-json\/wp\/v2\/posts\/19389","targetHints":{"allow":["GET"]}}],"collection":[{"href":"https:\/\/ugelchucuito.edu.pe\/portal\/wp-json\/wp\/v2\/posts"}],"about":[{"href":"https:\/\/ugelchucuito.edu.pe\/portal\/wp-json\/wp\/v2\/types\/post"}],"author":[{"embeddable":true,"href":"https:\/\/ugelchucuito.edu.pe\/portal\/wp-json\/wp\/v2\/users\/212"}],"replies":[{"embeddable":true,"href":"https:\/\/ugelchucuito.edu.pe\/portal\/wp-json\/wp\/v2\/comments?post=19389"}],"version-history":[{"count":2,"href":"https:\/\/ugelchucuito.edu.pe\/portal\/wp-json\/wp\/v2\/posts\/19389\/revisions"}],"predecessor-version":[{"id":19392,"href":"https:\/\/ugelchucuito.edu.pe\/portal\/wp-json\/wp\/v2\/posts\/19389\/revisions\/19392"}],"wp:attachment":[{"href":"https:\/\/ugelchucuito.edu.pe\/portal\/wp-json\/wp\/v2\/media?parent=19389"}],"wp:term":[{"taxonomy":"category","embeddable":true,"href":"https:\/\/ugelchucuito.edu.pe\/portal\/wp-json\/wp\/v2\/categories?post=19389"},{"taxonomy":"post_tag","embeddable":true,"href":"https:\/\/ugelchucuito.edu.pe\/portal\/wp-json\/wp\/v2\/tags?post=19389"}],"curies":[{"name":"wp","href":"https:\/\/api.w.org\/{rel}","templated":true}]}}