{"id":19488,"date":"2023-01-04T14:14:07","date_gmt":"2023-01-04T19:14:07","guid":{"rendered":"http:\/\/ugelchucuito.edu.pe\/portal\/?p=19488"},"modified":"2023-01-04T14:14:08","modified_gmt":"2023-01-04T19:14:08","slug":"comunicado-adjudicacion-del-proceso-excepcional-de-reasignacion-docente-por-las-causales-de-interes-personal-y-unidad-familiar-ano-2022-etapa-interregional-fase-unica","status":"publish","type":"post","link":"https:\/\/ugelchucuito.edu.pe\/portal\/2023\/01\/04\/comunicado-adjudicacion-del-proceso-excepcional-de-reasignacion-docente-por-las-causales-de-interes-personal-y-unidad-familiar-ano-2022-etapa-interregional-fase-unica\/","title":{"rendered":"COMUNICADO: ADJUDICACI\u00d3N DEL PROCESO EXCEPCIONAL DE REASIGNACI\u00d3N DOCENTE POR LAS CAUSALES DE INTERES PERSONAL Y UNIDAD FAMILIAR A\u00d1O 2022 ETAPA INTERREGIONAL \u2013 FASE UNICA"},"content":{"rendered":"\n<div class=\"wp-block-file\"><a href=\"http:\/\/ugelchucuito.edu.pe\/portal\/wp-content\/uploads\/2023\/01\/COMUNICADO-REASIGNACION-INTER-REGIONAL.pdf\" target=\"_blank\" rel=\"noreferrer noopener\"><strong><span class=\"has-inline-color has-vivid-cyan-blue-color\">&#8211; VER COMUNICADO<\/span><\/strong><\/a><a href=\"http:\/\/ugelchucuito.edu.pe\/portal\/wp-content\/uploads\/2023\/01\/COMUNICADO-REASIGNACION-INTER-REGIONAL.pdf\" class=\"wp-block-file__button\" download>Descarga<\/a><\/div>\n\n\n\n<div class=\"wp-block-file\"><a href=\"http:\/\/ugelchucuito.edu.pe\/portal\/wp-content\/uploads\/2023\/01\/PLAZAS-PARA-ETAPA-INTEREGIONAL.pdf\" target=\"_blank\" rel=\"noreferrer noopener\"><strong><span class=\"has-inline-color has-vivid-cyan-blue-color\">&#8211; VER REPORTE DE PLAZAS VACANTES<\/span><\/strong><\/a><a href=\"http:\/\/ugelchucuito.edu.pe\/portal\/wp-content\/uploads\/2023\/01\/PLAZAS-PARA-ETAPA-INTEREGIONAL.pdf\" class=\"wp-block-file__button\" download>Descarga<\/a><\/div>\n\n\n\n<div class=\"wp-block-file\"><a href=\"http:\/\/ugelchucuito.edu.pe\/portal\/wp-content\/uploads\/2023\/01\/cuadro-de-meritos-etapa-interregional.pdf\" target=\"_blank\" rel=\"noreferrer noopener\"><strong><span class=\"has-inline-color has-vivid-cyan-blue-color\">&#8211; VER CUADRO DE M\u00c9RITOS<\/span><\/strong><\/a><a href=\"http:\/\/ugelchucuito.edu.pe\/portal\/wp-content\/uploads\/2023\/01\/cuadro-de-meritos-etapa-interregional.pdf\" class=\"wp-block-file__button\" download>Descarga<\/a><\/div>\n","protected":false},"excerpt":{"rendered":"","protected":false},"author":3,"featured_media":0,"comment_status":"open","ping_status":"open","sticky":false,"template":"","format":"standard","meta":{"footnotes":""},"categories":[],"tags":[],"class_list":["post-19488","post","type-post","status-publish","format-standard","hentry"],"_links":{"self":[{"href":"https:\/\/ugelchucuito.edu.pe\/portal\/wp-json\/wp\/v2\/posts\/19488","targetHints":{"allow":["GET"]}}],"collection":[{"href":"https:\/\/ugelchucuito.edu.pe\/portal\/wp-json\/wp\/v2\/posts"}],"about":[{"href":"https:\/\/ugelchucuito.edu.pe\/portal\/wp-json\/wp\/v2\/types\/post"}],"author":[{"embeddable":true,"href":"https:\/\/ugelchucuito.edu.pe\/portal\/wp-json\/wp\/v2\/users\/3"}],"replies":[{"embeddable":true,"href":"https:\/\/ugelchucuito.edu.pe\/portal\/wp-json\/wp\/v2\/comments?post=19488"}],"version-history":[{"count":1,"href":"https:\/\/ugelchucuito.edu.pe\/portal\/wp-json\/wp\/v2\/posts\/19488\/revisions"}],"predecessor-version":[{"id":19492,"href":"https:\/\/ugelchucuito.edu.pe\/portal\/wp-json\/wp\/v2\/posts\/19488\/revisions\/19492"}],"wp:attachment":[{"href":"https:\/\/ugelchucuito.edu.pe\/portal\/wp-json\/wp\/v2\/media?parent=19488"}],"wp:term":[{"taxonomy":"category","embeddable":true,"href":"https:\/\/ugelchucuito.edu.pe\/portal\/wp-json\/wp\/v2\/categories?post=19488"},{"taxonomy":"post_tag","embeddable":true,"href":"https:\/\/ugelchucuito.edu.pe\/portal\/wp-json\/wp\/v2\/tags?post=19488"}],"curies":[{"name":"wp","href":"https:\/\/api.w.org\/{rel}","templated":true}]}}