{"id":19721,"date":"2023-02-07T22:42:31","date_gmt":"2023-02-08T03:42:31","guid":{"rendered":"http:\/\/ugelchucuito.edu.pe\/portal\/?p=19721"},"modified":"2023-02-08T08:00:19","modified_gmt":"2023-02-08T13:00:19","slug":"publicacion-de-postulantes-aptos-para-entrevista-personal-proceso-de-contrato-docente-en-la-i-e-s-crfa-lupakas-juli-2023","status":"publish","type":"post","link":"https:\/\/ugelchucuito.edu.pe\/portal\/2023\/02\/07\/publicacion-de-postulantes-aptos-para-entrevista-personal-proceso-de-contrato-docente-en-la-i-e-s-crfa-lupakas-juli-2023\/","title":{"rendered":"PUBLICACI\u00d3N DE POSTULANTES APTOS PARA ENTREVISTA PERSONAL. LINK DEL PROCESO DE CONTRATO DOCENTE EN LA I.E.S. CRFA \u201cLUPAKAS\u201d JULI-2023."},"content":{"rendered":"\n<div class=\"wp-block-file\"><a href=\"http:\/\/ugelchucuito.edu.pe\/portal\/wp-content\/uploads\/2023\/02\/Cuadro-resultados-Finales-CRFA-Lupakas_Para-entrevista-personal_PUN.pdf\" target=\"_blank\" rel=\"noreferrer noopener\"><strong><span class=\"has-inline-color has-vivid-cyan-blue-color\">&#8211; VER REPORTE DE POSTULANTES APTOS PARA ENTREVISTA PERSONAL<\/span><\/strong><\/a><a href=\"http:\/\/ugelchucuito.edu.pe\/portal\/wp-content\/uploads\/2023\/02\/Cuadro-resultados-Finales-CRFA-Lupakas_Para-entrevista-personal_PUN.pdf\" class=\"wp-block-file__button\" download>Descarga<\/a><\/div>\n\n\n\n<p><span class=\"has-inline-color has-vivid-red-color\"><strong>NOTA: La entrevista personal, se realizar\u00e1 seg\u00fan cronograma, el 08\/02\/2023 desde las 08:00am, para ello el postulante debe tener conectividad de internet fluida y con c\u00e1mara. La publicaci\u00f3n del link de la sala virtual se realizar\u00e1 antes de la hora del proceso.<\/strong><\/span><\/p>\n\n\n\n<p><strong><span class=\"has-inline-color has-vivid-cyan-blue-color\">LINK DE LA SALA VIRTUAL ZOOM: <a href=\"https:\/\/us06web.zoom.us\/j\/85888451515?pwd=SEozT0hqckdUK3dBRXN1ODhCWDNHdz09\">https:\/\/us06web.zoom.us\/j\/85888451515?pwd=SEozT0hqckdUK3dBRXN1ODhCWDNHdz09<\/a><\/span><\/strong><\/p>\n","protected":false},"excerpt":{"rendered":"<p>NOTA: La entrevista personal, se realizar\u00e1 seg\u00fan cronograma, el 08\/02\/2023 desde las 08:00am, para ello el postulante debe tener conectividad de internet fluida y con c\u00e1mara. La publicaci\u00f3n del link de la sala virtual se realizar\u00e1 antes de la hora del proceso. LINK DE LA SALA VIRTUAL ZOOM: https:\/\/us06web.zoom.us\/j\/85888451515?pwd=SEozT0hqckdUK3dBRXN1ODhCWDNHdz09<\/p>\n","protected":false},"author":3,"featured_media":0,"comment_status":"open","ping_status":"open","sticky":false,"template":"","format":"standard","meta":{"footnotes":""},"categories":[],"tags":[],"class_list":["post-19721","post","type-post","status-publish","format-standard","hentry"],"_links":{"self":[{"href":"https:\/\/ugelchucuito.edu.pe\/portal\/wp-json\/wp\/v2\/posts\/19721","targetHints":{"allow":["GET"]}}],"collection":[{"href":"https:\/\/ugelchucuito.edu.pe\/portal\/wp-json\/wp\/v2\/posts"}],"about":[{"href":"https:\/\/ugelchucuito.edu.pe\/portal\/wp-json\/wp\/v2\/types\/post"}],"author":[{"embeddable":true,"href":"https:\/\/ugelchucuito.edu.pe\/portal\/wp-json\/wp\/v2\/users\/3"}],"replies":[{"embeddable":true,"href":"https:\/\/ugelchucuito.edu.pe\/portal\/wp-json\/wp\/v2\/comments?post=19721"}],"version-history":[{"count":3,"href":"https:\/\/ugelchucuito.edu.pe\/portal\/wp-json\/wp\/v2\/posts\/19721\/revisions"}],"predecessor-version":[{"id":19729,"href":"https:\/\/ugelchucuito.edu.pe\/portal\/wp-json\/wp\/v2\/posts\/19721\/revisions\/19729"}],"wp:attachment":[{"href":"https:\/\/ugelchucuito.edu.pe\/portal\/wp-json\/wp\/v2\/media?parent=19721"}],"wp:term":[{"taxonomy":"category","embeddable":true,"href":"https:\/\/ugelchucuito.edu.pe\/portal\/wp-json\/wp\/v2\/categories?post=19721"},{"taxonomy":"post_tag","embeddable":true,"href":"https:\/\/ugelchucuito.edu.pe\/portal\/wp-json\/wp\/v2\/tags?post=19721"}],"curies":[{"name":"wp","href":"https:\/\/api.w.org\/{rel}","templated":true}]}}