{"id":20115,"date":"2023-03-13T17:48:58","date_gmt":"2023-03-13T22:48:58","guid":{"rendered":"http:\/\/ugelchucuito.edu.pe\/portal\/?p=20115"},"modified":"2023-03-13T18:03:32","modified_gmt":"2023-03-13T23:03:32","slug":"atencion-directivos-inscribite-al-curso-virtual-directivos-2023-hasta-el-14-de-marzo","status":"publish","type":"post","link":"https:\/\/ugelchucuito.edu.pe\/portal\/2023\/03\/13\/atencion-directivos-inscribite-al-curso-virtual-directivos-2023-hasta-el-14-de-marzo\/","title":{"rendered":"ATENCI\u00d3N DIRECTIVOS: Inscr\u00edbite al curso virtual Directivos 2023 hasta el 14 de marzo"},"content":{"rendered":"\n<p><strong>Estimados y estimados directivos\/as encargados\/as:<\/strong><\/p>\n\n\n\n<figure class=\"wp-block-image\"><a href=\"https:\/\/campus.perueduca.pe\/?redirect=0&amp;course=88\"><img decoding=\"async\" src=\"https:\/\/northwesttriman.com\/wp-content\/uploads\/2015\/10\/Inscribete-aqui-300x129.jpg\" alt=\"inscribete-aqui - NORTHWEST TRIMAN\" \/><\/a><\/figure>\n\n\n\n<p id=\"yui_3_17_2_1_1678746187117_20\">El Ministerio de educaci\u00f3n a trav\u00e9s del Programa Nacional de Formaci\u00f3n y Capacitaci\u00f3n de Directores y Subdirectores de Instituciones Educativas de la Direcci\u00f3n de Fortalecimiento de la Gesti\u00f3n Escolar (DIF), le invita a participar del curso virtual autoformativo \u201cBienvenida al cargo directivo\u201d que, a trav\u00e9s de diversas herramientas, conocimientos e instrumentos relativos a la gesti\u00f3n escolar y el liderazgo pedag\u00f3gico, permite iniciar el desarrollo de competencias profesionales en los directivos\/as encargados\/as, de modo que se gu\u00ede su labor hacia una gesti\u00f3n orientada a mejorar los aprendizajes de las y los estudiantes.<\/p>\n\n\n\n<p>Bienvenida al cargo directivo <\/p>\n\n\n\n<figure class=\"wp-block-image\"><img decoding=\"async\" src=\"https:\/\/campus.perueduca.pe\/theme\/eguru\/img\/ico-usuario-24.png\" alt=\"\" \/><\/figure>\n\n\n\n<p><strong>Dirigido a: <\/strong>directores encargados y por funci\u00f3n de EBR<\/p>\n\n\n\n<figure class=\"wp-block-image\"><img decoding=\"async\" src=\"https:\/\/campus.perueduca.pe\/theme\/eguru\/img\/ico-calendario-24.png\" alt=\"\" \/><\/figure>\n\n\n\n<p><strong>Preinscripci\u00f3n: <\/strong>Hasta el 14 de Marzo de 2023<\/p>\n\n\n\n<figure class=\"wp-block-image\"><img decoding=\"async\" src=\"https:\/\/campus.perueduca.pe\/theme\/eguru\/img\/ico-calendario-24.png\" alt=\"\" \/><\/figure>\n\n\n\n<p><strong>Fecha de inicio<\/strong>20 de Marzo de 2023<\/p>\n\n\n\n<figure class=\"wp-block-image\"><img decoding=\"async\" src=\"https:\/\/campus.perueduca.pe\/theme\/eguru\/img\/ico-reloj-24.png\" alt=\"\" \/><\/figure>\n\n\n\n<p><strong>45 horas<\/strong><\/p>\n\n\n\n<figure class=\"wp-block-image\"><img decoding=\"async\" src=\"https:\/\/campus.perueduca.pe\/theme\/eguru\/img\/ico-constancia-24.png\" alt=\"\" \/><\/figure>\n\n\n\n<p><strong>Incluye constancia<\/strong><\/p>\n","protected":false},"excerpt":{"rendered":"<p>Estimados y estimados directivos\/as encargados\/as: El Ministerio de educaci\u00f3n a trav\u00e9s del Programa Nacional de Formaci\u00f3n y Capacitaci\u00f3n de Directores y Subdirectores de Instituciones Educativas de la Direcci\u00f3n de Fortalecimiento de la Gesti\u00f3n Escolar (DIF), le invita a participar del curso virtual autoformativo \u201cBienvenida al cargo directivo\u201d que, a trav\u00e9s de diversas herramientas, conocimientos e [&hellip;]<\/p>\n","protected":false},"author":2,"featured_media":0,"comment_status":"open","ping_status":"open","sticky":false,"template":"","format":"standard","meta":{"footnotes":""},"categories":[],"tags":[],"class_list":["post-20115","post","type-post","status-publish","format-standard","hentry"],"_links":{"self":[{"href":"https:\/\/ugelchucuito.edu.pe\/portal\/wp-json\/wp\/v2\/posts\/20115","targetHints":{"allow":["GET"]}}],"collection":[{"href":"https:\/\/ugelchucuito.edu.pe\/portal\/wp-json\/wp\/v2\/posts"}],"about":[{"href":"https:\/\/ugelchucuito.edu.pe\/portal\/wp-json\/wp\/v2\/types\/post"}],"author":[{"embeddable":true,"href":"https:\/\/ugelchucuito.edu.pe\/portal\/wp-json\/wp\/v2\/users\/2"}],"replies":[{"embeddable":true,"href":"https:\/\/ugelchucuito.edu.pe\/portal\/wp-json\/wp\/v2\/comments?post=20115"}],"version-history":[{"count":2,"href":"https:\/\/ugelchucuito.edu.pe\/portal\/wp-json\/wp\/v2\/posts\/20115\/revisions"}],"predecessor-version":[{"id":20118,"href":"https:\/\/ugelchucuito.edu.pe\/portal\/wp-json\/wp\/v2\/posts\/20115\/revisions\/20118"}],"wp:attachment":[{"href":"https:\/\/ugelchucuito.edu.pe\/portal\/wp-json\/wp\/v2\/media?parent=20115"}],"wp:term":[{"taxonomy":"category","embeddable":true,"href":"https:\/\/ugelchucuito.edu.pe\/portal\/wp-json\/wp\/v2\/categories?post=20115"},{"taxonomy":"post_tag","embeddable":true,"href":"https:\/\/ugelchucuito.edu.pe\/portal\/wp-json\/wp\/v2\/tags?post=20115"}],"curies":[{"name":"wp","href":"https:\/\/api.w.org\/{rel}","templated":true}]}}