{"id":20147,"date":"2023-03-16T19:27:58","date_gmt":"2023-03-17T00:27:58","guid":{"rendered":"http:\/\/ugelchucuito.edu.pe\/portal\/?p=20147"},"modified":"2023-03-16T19:34:51","modified_gmt":"2023-03-17T00:34:51","slug":"reunion-de-socializacion-de-registro-de-informacion-ii-fase-simon","status":"publish","type":"post","link":"https:\/\/ugelchucuito.edu.pe\/portal\/2023\/03\/16\/reunion-de-socializacion-de-registro-de-informacion-ii-fase-simon\/","title":{"rendered":"REUNI\u00d3N DE SOCIALIZACI\u00d3N DE REGISTRO DE INFORMACI\u00d3N &#8211; II FASE SIMON"},"content":{"rendered":"\n<p>DIRECTORAS Y DIRECTORES DE LAS INSTITUCIONES EDUCATIVAS DE EBR, EBE Y EBA DE UGEL CHUCUITO.JULI.<\/p>\n\n\n\n<p>El motivo de la presente, es para poner de su conocimiento que la UGEL Chucuito-Juli a trav\u00e9s del \u00c1rea de Gesti\u00f3n Pedag\u00f3gica a programado una reuni\u00f3n virtual de socializaci\u00f3n del registro de informaci\u00f3n en el SIMON II FASE, la mencionada reuni\u00f3n se llevar\u00e1 acabo el <strong>d\u00eda viernes 17 de marzo del 2023 a horas 3.00 p.m.<\/strong><\/p>\n\n\n\n<p>A la reuni\u00f3n acceder\u00e1n mediante el siguiente enlace:<br><strong><span class=\"has-inline-color has-vivid-cyan-blue-color\"><a href=\"https:\/\/us06web.zoom.us\/j\/89328447031?pwd=dGVQcllkUFhlT3RvSzRIL09VQ0ZDZz09\">https:\/\/us06web.zoom.us\/j\/89328447031?pwd=dGVQcllkUFhlT3RvSzRIL09VQ0ZDZz09<\/a><\/span><\/strong><\/p>\n\n\n\n<p>\u00a1Los esperamos!<\/p>\n\n\n\n<div class=\"wp-block-file\"><a href=\"https:\/\/ugelchucuito.edu.pe\/portal\/wp-content\/uploads\/2023\/03\/OFICIO-DIRECCIO\u0301N-SIMON-II-FASE.pdf\">OFICIO-DIRECCIO\u0301N-SIMON-II-FASE<\/a><a href=\"https:\/\/ugelchucuito.edu.pe\/portal\/wp-content\/uploads\/2023\/03\/OFICIO-DIRECCIO\u0301N-SIMON-II-FASE.pdf\" class=\"wp-block-file__button\" download>Descarga<\/a><\/div>\n","protected":false},"excerpt":{"rendered":"<p>DIRECTORAS Y DIRECTORES DE LAS INSTITUCIONES EDUCATIVAS DE EBR, EBE Y EBA DE UGEL CHUCUITO.JULI. El motivo de la presente, es para poner de su conocimiento que la UGEL Chucuito-Juli a trav\u00e9s del \u00c1rea de Gesti\u00f3n Pedag\u00f3gica a programado una reuni\u00f3n virtual de socializaci\u00f3n del registro de informaci\u00f3n en el SIMON II FASE, la mencionada [&hellip;]<\/p>\n","protected":false},"author":2,"featured_media":0,"comment_status":"open","ping_status":"open","sticky":false,"template":"","format":"standard","meta":{"footnotes":""},"categories":[],"tags":[],"class_list":["post-20147","post","type-post","status-publish","format-standard","hentry"],"_links":{"self":[{"href":"https:\/\/ugelchucuito.edu.pe\/portal\/wp-json\/wp\/v2\/posts\/20147","targetHints":{"allow":["GET"]}}],"collection":[{"href":"https:\/\/ugelchucuito.edu.pe\/portal\/wp-json\/wp\/v2\/posts"}],"about":[{"href":"https:\/\/ugelchucuito.edu.pe\/portal\/wp-json\/wp\/v2\/types\/post"}],"author":[{"embeddable":true,"href":"https:\/\/ugelchucuito.edu.pe\/portal\/wp-json\/wp\/v2\/users\/2"}],"replies":[{"embeddable":true,"href":"https:\/\/ugelchucuito.edu.pe\/portal\/wp-json\/wp\/v2\/comments?post=20147"}],"version-history":[{"count":2,"href":"https:\/\/ugelchucuito.edu.pe\/portal\/wp-json\/wp\/v2\/posts\/20147\/revisions"}],"predecessor-version":[{"id":20150,"href":"https:\/\/ugelchucuito.edu.pe\/portal\/wp-json\/wp\/v2\/posts\/20147\/revisions\/20150"}],"wp:attachment":[{"href":"https:\/\/ugelchucuito.edu.pe\/portal\/wp-json\/wp\/v2\/media?parent=20147"}],"wp:term":[{"taxonomy":"category","embeddable":true,"href":"https:\/\/ugelchucuito.edu.pe\/portal\/wp-json\/wp\/v2\/categories?post=20147"},{"taxonomy":"post_tag","embeddable":true,"href":"https:\/\/ugelchucuito.edu.pe\/portal\/wp-json\/wp\/v2\/tags?post=20147"}],"curies":[{"name":"wp","href":"https:\/\/api.w.org\/{rel}","templated":true}]}}