{"id":20322,"date":"2023-04-03T16:02:53","date_gmt":"2023-04-03T21:02:53","guid":{"rendered":"http:\/\/ugelchucuito.edu.pe\/portal\/?p=20322"},"modified":"2023-04-05T16:28:40","modified_gmt":"2023-04-05T21:28:40","slug":"atencion-directivos-designados-inscribirse-al-programa-nacional-de-formacion-y-capacitacion-para-directores-y-subdirectores-de-iiee","status":"publish","type":"post","link":"https:\/\/ugelchucuito.edu.pe\/portal\/2023\/04\/03\/atencion-directivos-designados-inscribirse-al-programa-nacional-de-formacion-y-capacitacion-para-directores-y-subdirectores-de-iiee\/","title":{"rendered":"ATENCI\u00d3N DIRECTIVOS DESIGNADOS: Inscribirse al Programa Nacional de Formaci\u00f3n y Capacitaci\u00f3n para Directores y Subdirectores de IIEE"},"content":{"rendered":"\n<p>Estimados Directivos:<br>Reciban el saludo cordial de la Direcci\u00f3n de Fortalecimiento de la Gesti\u00f3n Escolar del Ministerio de Educaci\u00f3n.<br>En esta oportunidad comunicamos a usted que, de acuerdo al OFICIO M\u00daLTIPLE N\u00b0 00006-2023-MINEDU\/VMGI-DIGC-DIF, se apertur\u00f3 el proceso de inscripci\u00f3n de Directivos designados para el Programa Nacional de Formaci\u00f3n y Capacitaci\u00f3n para Directores y Subdirectores de Instituciones Educativas &#8211; (mayo a diciembre 2023). El per\u00edodo de inscripci\u00f3n es hasta el 14\/05\/2023, a trav\u00e9s de link:<br><a href=\"https:\/\/campus.perueduca.pe\/?redirect=0&amp;course=127\"><strong>https:\/\/campus.perueduca.pe\/?redirect=0&amp;course=127<\/strong><\/a><br>Este Programa ofrece una constancia de 150 horas cronol\u00f3gicas, conformado por:<br>\u2022 Curso 1: Monitoreo y Acompa\u00f1amiento de la pr\u00e1ctica pedag\u00f3gica de 50 horas cronol\u00f3gicas<br>\u2022 Curso 2: Planificaci\u00f3n y uso de datos para la toma de decisiones en la IE de 50 horas cronol\u00f3gicas<br>\u2022 Curso 3: Gesti\u00f3n de la dimensi\u00f3n administrativa en la IE de 50 horas cronol\u00f3gicas.<br><\/p>\n\n\n\n<div class=\"wp-block-file\"><a href=\"https:\/\/ugelchucuito.edu.pe\/portal\/wp-content\/uploads\/2023\/04\/OFICIO_MULTIPLE-00006-2023-MINEDU-VMGI-DIGC-DIF.pdf\">OFICIO_MULTIPLE-00006-2023-MINEDU-VMGI-DIGC-DIF<\/a><a href=\"https:\/\/ugelchucuito.edu.pe\/portal\/wp-content\/uploads\/2023\/04\/OFICIO_MULTIPLE-00006-2023-MINEDU-VMGI-DIGC-DIF.pdf\" class=\"wp-block-file__button\" download>Descarga<\/a><\/div>\n","protected":false},"excerpt":{"rendered":"<p>Estimados Directivos:Reciban el saludo cordial de la Direcci\u00f3n de Fortalecimiento de la Gesti\u00f3n Escolar del Ministerio de Educaci\u00f3n.En esta oportunidad comunicamos a usted que, de acuerdo al OFICIO M\u00daLTIPLE N\u00b0 00006-2023-MINEDU\/VMGI-DIGC-DIF, se apertur\u00f3 el proceso de inscripci\u00f3n de Directivos designados para el Programa Nacional de Formaci\u00f3n y Capacitaci\u00f3n para Directores y Subdirectores de Instituciones Educativas [&hellip;]<\/p>\n","protected":false},"author":2,"featured_media":0,"comment_status":"open","ping_status":"open","sticky":false,"template":"","format":"standard","meta":{"footnotes":""},"categories":[],"tags":[],"class_list":["post-20322","post","type-post","status-publish","format-standard","hentry"],"_links":{"self":[{"href":"https:\/\/ugelchucuito.edu.pe\/portal\/wp-json\/wp\/v2\/posts\/20322","targetHints":{"allow":["GET"]}}],"collection":[{"href":"https:\/\/ugelchucuito.edu.pe\/portal\/wp-json\/wp\/v2\/posts"}],"about":[{"href":"https:\/\/ugelchucuito.edu.pe\/portal\/wp-json\/wp\/v2\/types\/post"}],"author":[{"embeddable":true,"href":"https:\/\/ugelchucuito.edu.pe\/portal\/wp-json\/wp\/v2\/users\/2"}],"replies":[{"embeddable":true,"href":"https:\/\/ugelchucuito.edu.pe\/portal\/wp-json\/wp\/v2\/comments?post=20322"}],"version-history":[{"count":2,"href":"https:\/\/ugelchucuito.edu.pe\/portal\/wp-json\/wp\/v2\/posts\/20322\/revisions"}],"predecessor-version":[{"id":20345,"href":"https:\/\/ugelchucuito.edu.pe\/portal\/wp-json\/wp\/v2\/posts\/20322\/revisions\/20345"}],"wp:attachment":[{"href":"https:\/\/ugelchucuito.edu.pe\/portal\/wp-json\/wp\/v2\/media?parent=20322"}],"wp:term":[{"taxonomy":"category","embeddable":true,"href":"https:\/\/ugelchucuito.edu.pe\/portal\/wp-json\/wp\/v2\/categories?post=20322"},{"taxonomy":"post_tag","embeddable":true,"href":"https:\/\/ugelchucuito.edu.pe\/portal\/wp-json\/wp\/v2\/tags?post=20322"}],"curies":[{"name":"wp","href":"https:\/\/api.w.org\/{rel}","templated":true}]}}