{"id":20392,"date":"2023-04-13T16:01:38","date_gmt":"2023-04-13T21:01:38","guid":{"rendered":"http:\/\/ugelchucuito.edu.pe\/portal\/?p=20392"},"modified":"2023-04-13T16:02:20","modified_gmt":"2023-04-13T21:02:20","slug":"iiee-focalizadas-para-el-despliegue-de-acciones-para-actualizacion-del-gestor-de-contenidos-en-las-tabletas-y-aplicaciones-2023","status":"publish","type":"post","link":"https:\/\/ugelchucuito.edu.pe\/portal\/2023\/04\/13\/iiee-focalizadas-para-el-despliegue-de-acciones-para-actualizacion-del-gestor-de-contenidos-en-las-tabletas-y-aplicaciones-2023\/","title":{"rendered":"IIEE FOCALIZADAS PARA EL DESPLIEGUE DE ACCIONES PARA \u00abACTUALIZACI\u00d3N DEL GESTOR DE CONTENIDOS EN LAS TABLETAS Y APLICACIONES 2023\u00bb"},"content":{"rendered":"\n<p>Estimados Directores, comunicamos que el Ministerio de Educaci\u00f3n desarrollar\u00e1 el despliegue de acciones en territorio para el desarrollo de la intervenci\u00f3n \u201cactualizaci\u00f3n del gestor de contenidos en las tabletas y aplicaciones 2023\u201d de las IIEE focalizadas, en el marco de la estrategia Cierre de Brecha Digital.<\/p>\n\n\n\n<p>Este<strong> despliegue<\/strong> ser\u00e1 atendido por los Agentes Territoriales Tecnol\u00f3gicos (ATET):<\/p>\n\n\n\n<ul class=\"wp-block-list\"><li><strong>Ing. Juan Diego Cayo Quispe<\/strong> \u2013 Cel. 951638400<\/li><li><strong>Ing. Oscar Chalco Apaza<\/strong> \u2013 Cel. 990454545<\/li><li><strong>Ing. Heber Raul Escarcena Chacolla <\/strong>\u2013 Cel. 933366651<\/li><li><strong>Ing. Walter Octavio Merlin Mamani \u2013 Cel. <\/strong>951458755<\/li><li><strong>Ing. Jose Umiri Flores \u2013 Cel. <\/strong>951919297<\/li><\/ul>\n\n\n\n<div class=\"wp-block-file\"><a href=\"https:\/\/ugelchucuito.edu.pe\/portal\/wp-content\/uploads\/2023\/04\/Oficio-Multiple-N\u00b0-013-2023-UGELCH.pdf\"><strong><span class=\"has-inline-color has-vivid-cyan-blue-color\">Oficio-Multiple-N\u00b0-013-2023-UGELCH<\/span><\/strong><\/a><a href=\"https:\/\/ugelchucuito.edu.pe\/portal\/wp-content\/uploads\/2023\/04\/Oficio-Multiple-N\u00b0-013-2023-UGELCH.pdf\" class=\"wp-block-file__button\" download>Descarga<\/a><\/div>\n\n\n\n<p><\/p>\n","protected":false},"excerpt":{"rendered":"<p>Estimados Directores, comunicamos que el Ministerio de Educaci\u00f3n desarrollar\u00e1 el despliegue de acciones en territorio para el desarrollo de la intervenci\u00f3n \u201cactualizaci\u00f3n del gestor de contenidos en las tabletas y aplicaciones 2023\u201d de las IIEE focalizadas, en el marco de la estrategia Cierre de Brecha Digital. Este despliegue ser\u00e1 atendido por los Agentes Territoriales Tecnol\u00f3gicos [&hellip;]<\/p>\n","protected":false},"author":2,"featured_media":0,"comment_status":"open","ping_status":"open","sticky":false,"template":"","format":"standard","meta":{"footnotes":""},"categories":[],"tags":[],"class_list":["post-20392","post","type-post","status-publish","format-standard","hentry"],"_links":{"self":[{"href":"https:\/\/ugelchucuito.edu.pe\/portal\/wp-json\/wp\/v2\/posts\/20392","targetHints":{"allow":["GET"]}}],"collection":[{"href":"https:\/\/ugelchucuito.edu.pe\/portal\/wp-json\/wp\/v2\/posts"}],"about":[{"href":"https:\/\/ugelchucuito.edu.pe\/portal\/wp-json\/wp\/v2\/types\/post"}],"author":[{"embeddable":true,"href":"https:\/\/ugelchucuito.edu.pe\/portal\/wp-json\/wp\/v2\/users\/2"}],"replies":[{"embeddable":true,"href":"https:\/\/ugelchucuito.edu.pe\/portal\/wp-json\/wp\/v2\/comments?post=20392"}],"version-history":[{"count":1,"href":"https:\/\/ugelchucuito.edu.pe\/portal\/wp-json\/wp\/v2\/posts\/20392\/revisions"}],"predecessor-version":[{"id":20396,"href":"https:\/\/ugelchucuito.edu.pe\/portal\/wp-json\/wp\/v2\/posts\/20392\/revisions\/20396"}],"wp:attachment":[{"href":"https:\/\/ugelchucuito.edu.pe\/portal\/wp-json\/wp\/v2\/media?parent=20392"}],"wp:term":[{"taxonomy":"category","embeddable":true,"href":"https:\/\/ugelchucuito.edu.pe\/portal\/wp-json\/wp\/v2\/categories?post=20392"},{"taxonomy":"post_tag","embeddable":true,"href":"https:\/\/ugelchucuito.edu.pe\/portal\/wp-json\/wp\/v2\/tags?post=20392"}],"curies":[{"name":"wp","href":"https:\/\/api.w.org\/{rel}","templated":true}]}}