{"id":20425,"date":"2023-04-14T21:05:46","date_gmt":"2023-04-15T02:05:46","guid":{"rendered":"http:\/\/ugelchucuito.edu.pe\/portal\/?p=20425"},"modified":"2023-04-15T09:50:16","modified_gmt":"2023-04-15T14:50:16","slug":"asistencia-tecnico-pedagogica-del-nivel-inicial","status":"publish","type":"post","link":"https:\/\/ugelchucuito.edu.pe\/portal\/2023\/04\/14\/asistencia-tecnico-pedagogica-del-nivel-inicial\/","title":{"rendered":"ASISTENCIA T\u00c9CNICO PEDAG\u00d3GICA DEL NIVEL INICIAL"},"content":{"rendered":"\n<p class=\"has-text-align-left\">La Unidad de Gesti\u00f3n Educativa Local Chucuito, invita a todos los maestros y maestras del nivel inicial a la capacitaci\u00f3n de implementaci\u00f3n de nuevas estrategias pedag\u00f3gicas, a fin de fortalecer y mejorar el desempe\u00f1o docente del nivel inicial, de igual forma en las actividades curriculares fomentando la participaci\u00f3n activa de nuestros ni\u00f1os y ni\u00f1as, para ello se tiene previsto la participaci\u00f3n de la Mg. Sulma Maruri Meza ex Especialista del Minedu, la capacitaci\u00f3n se realizar\u00e1 v\u00eda Zoom, para mayores informes pueden comunicarse al \ud83d\udcf2950746521, \u00c1rea de Gesti\u00f3n Pedag\u00f3gica.<\/p>\n","protected":false},"excerpt":{"rendered":"<p>La Unidad de Gesti\u00f3n Educativa Local Chucuito, invita a todos los maestros y maestras del nivel inicial a la capacitaci\u00f3n de implementaci\u00f3n de nuevas estrategias pedag\u00f3gicas, a fin de fortalecer y mejorar el desempe\u00f1o docente del nivel inicial, de igual forma en las actividades curriculares fomentando la participaci\u00f3n activa de nuestros ni\u00f1os y ni\u00f1as, para [&hellip;]<\/p>\n","protected":false},"author":216,"featured_media":0,"comment_status":"open","ping_status":"open","sticky":false,"template":"","format":"standard","meta":{"footnotes":""},"categories":[],"tags":[],"class_list":["post-20425","post","type-post","status-publish","format-standard","hentry"],"_links":{"self":[{"href":"https:\/\/ugelchucuito.edu.pe\/portal\/wp-json\/wp\/v2\/posts\/20425","targetHints":{"allow":["GET"]}}],"collection":[{"href":"https:\/\/ugelchucuito.edu.pe\/portal\/wp-json\/wp\/v2\/posts"}],"about":[{"href":"https:\/\/ugelchucuito.edu.pe\/portal\/wp-json\/wp\/v2\/types\/post"}],"author":[{"embeddable":true,"href":"https:\/\/ugelchucuito.edu.pe\/portal\/wp-json\/wp\/v2\/users\/216"}],"replies":[{"embeddable":true,"href":"https:\/\/ugelchucuito.edu.pe\/portal\/wp-json\/wp\/v2\/comments?post=20425"}],"version-history":[{"count":2,"href":"https:\/\/ugelchucuito.edu.pe\/portal\/wp-json\/wp\/v2\/posts\/20425\/revisions"}],"predecessor-version":[{"id":20429,"href":"https:\/\/ugelchucuito.edu.pe\/portal\/wp-json\/wp\/v2\/posts\/20425\/revisions\/20429"}],"wp:attachment":[{"href":"https:\/\/ugelchucuito.edu.pe\/portal\/wp-json\/wp\/v2\/media?parent=20425"}],"wp:term":[{"taxonomy":"category","embeddable":true,"href":"https:\/\/ugelchucuito.edu.pe\/portal\/wp-json\/wp\/v2\/categories?post=20425"},{"taxonomy":"post_tag","embeddable":true,"href":"https:\/\/ugelchucuito.edu.pe\/portal\/wp-json\/wp\/v2\/tags?post=20425"}],"curies":[{"name":"wp","href":"https:\/\/api.w.org\/{rel}","templated":true}]}}