{"id":20623,"date":"2023-05-08T21:07:21","date_gmt":"2023-05-09T02:07:21","guid":{"rendered":"http:\/\/ugelchucuito.edu.pe\/portal\/?p=20623"},"modified":"2023-05-08T21:07:23","modified_gmt":"2023-05-09T02:07:23","slug":"comunicado-eleccion-de-una-plaza-de-profesor-para-reserva-del-personal-que-se-desempena-en-el-cargo-de-especialista-de-ugel-y-jefe-de-agp-en-situacion-de-ratificados","status":"publish","type":"post","link":"https:\/\/ugelchucuito.edu.pe\/portal\/2023\/05\/08\/comunicado-eleccion-de-una-plaza-de-profesor-para-reserva-del-personal-que-se-desempena-en-el-cargo-de-especialista-de-ugel-y-jefe-de-agp-en-situacion-de-ratificados\/","title":{"rendered":"COMUNICADO: ELECCI\u00d3N DE UNA PLAZA DE PROFESOR PARA RESERVA DEL PERSONAL QUE SE DESEMPE\u00d1A EN EL CARGO DE ESPECIALISTA DE UGEL Y JEFE DE AGP EN SITUACI\u00d3N DE RATIFICADOS"},"content":{"rendered":"\n<div class=\"wp-block-file\"><a href=\"http:\/\/ugelchucuito.edu.pe\/portal\/wp-content\/uploads\/2023\/05\/COMUNICADO_ELECCION-PLAZA-PROFESOR.pdf\" target=\"_blank\" rel=\"noreferrer noopener\"><strong><span class=\"has-inline-color has-vivid-cyan-blue-color\">&#8211; VER COMUNICADO<\/span><\/strong><\/a><a href=\"http:\/\/ugelchucuito.edu.pe\/portal\/wp-content\/uploads\/2023\/05\/COMUNICADO_ELECCION-PLAZA-PROFESOR.pdf\" class=\"wp-block-file__button\" download>Descarga<\/a><\/div>\n\n\n\n<div class=\"wp-block-file\"><a href=\"http:\/\/ugelchucuito.edu.pe\/portal\/wp-content\/uploads\/2023\/05\/LISTADO-ESPECIALISTAS-EN-EDUCACION-QUE-NO-CUENTAN-CON-PLAZA-DE-ORIGEN-DE-CARGO-DE-PROFESOR-VACANTE.pdf\" target=\"_blank\" rel=\"noreferrer noopener\"><strong><span class=\"has-inline-color has-vivid-cyan-blue-color\">&#8211; VER LISTADO DE ESPECIALISTAS EN EDUCACI\u00d3N QUE NO CUENTAN CON PLAZA DE ORIGEN DE CARGO DE PROFESOR VACANTE<\/span><\/strong><\/a><a href=\"http:\/\/ugelchucuito.edu.pe\/portal\/wp-content\/uploads\/2023\/05\/LISTADO-ESPECIALISTAS-EN-EDUCACION-QUE-NO-CUENTAN-CON-PLAZA-DE-ORIGEN-DE-CARGO-DE-PROFESOR-VACANTE.pdf\" class=\"wp-block-file__button\" download>Descarga<\/a><\/div>\n\n\n\n<div class=\"wp-block-file\"><a href=\"http:\/\/ugelchucuito.edu.pe\/portal\/wp-content\/uploads\/2023\/05\/LISTADO-DE-ESPECIALISTAS-EN-EDUCACION-QUE-CUENTAN-CON-PLAZA-DE-ORIGEN-DE-CARGO-DE-PROFESOR-VACANTE_08-05-2023.pdf\" target=\"_blank\" rel=\"noreferrer noopener\"><strong><span class=\"has-inline-color has-vivid-cyan-blue-color\">&#8211; VER LISTADO DE ESPECIALISTAS EN EDUCACI\u00d3N QUE CUENTAN CON PLAZA DE ORIGEN DE CARGO DE PROFESOR VACANTE_08-05-2023<\/span><\/strong><\/a><a href=\"http:\/\/ugelchucuito.edu.pe\/portal\/wp-content\/uploads\/2023\/05\/LISTADO-DE-ESPECIALISTAS-EN-EDUCACION-QUE-CUENTAN-CON-PLAZA-DE-ORIGEN-DE-CARGO-DE-PROFESOR-VACANTE_08-05-2023.pdf\" class=\"wp-block-file__button\" download>Descarga<\/a><\/div>\n\n\n\n<div class=\"wp-block-file\"><a href=\"http:\/\/ugelchucuito.edu.pe\/portal\/wp-content\/uploads\/2023\/05\/PLAZAS-VACANTES-PARA-RESERVA-DE-DIR-JEFE-AGP-ESP-2023-Aris-Coco.pdf\" target=\"_blank\" rel=\"noreferrer noopener\"><strong><span class=\"has-inline-color has-vivid-red-color\">&#8211; VER REPORTE DE PLAZAS VACANTES<\/span><\/strong><\/a><a href=\"http:\/\/ugelchucuito.edu.pe\/portal\/wp-content\/uploads\/2023\/05\/PLAZAS-VACANTES-PARA-RESERVA-DE-DIR-JEFE-AGP-ESP-2023-Aris-Coco.pdf\" class=\"wp-block-file__button\" download>Descarga<\/a><\/div>\n","protected":false},"excerpt":{"rendered":"","protected":false},"author":3,"featured_media":0,"comment_status":"open","ping_status":"open","sticky":false,"template":"","format":"standard","meta":{"footnotes":""},"categories":[],"tags":[],"class_list":["post-20623","post","type-post","status-publish","format-standard","hentry"],"_links":{"self":[{"href":"https:\/\/ugelchucuito.edu.pe\/portal\/wp-json\/wp\/v2\/posts\/20623","targetHints":{"allow":["GET"]}}],"collection":[{"href":"https:\/\/ugelchucuito.edu.pe\/portal\/wp-json\/wp\/v2\/posts"}],"about":[{"href":"https:\/\/ugelchucuito.edu.pe\/portal\/wp-json\/wp\/v2\/types\/post"}],"author":[{"embeddable":true,"href":"https:\/\/ugelchucuito.edu.pe\/portal\/wp-json\/wp\/v2\/users\/3"}],"replies":[{"embeddable":true,"href":"https:\/\/ugelchucuito.edu.pe\/portal\/wp-json\/wp\/v2\/comments?post=20623"}],"version-history":[{"count":2,"href":"https:\/\/ugelchucuito.edu.pe\/portal\/wp-json\/wp\/v2\/posts\/20623\/revisions"}],"predecessor-version":[{"id":20630,"href":"https:\/\/ugelchucuito.edu.pe\/portal\/wp-json\/wp\/v2\/posts\/20623\/revisions\/20630"}],"wp:attachment":[{"href":"https:\/\/ugelchucuito.edu.pe\/portal\/wp-json\/wp\/v2\/media?parent=20623"}],"wp:term":[{"taxonomy":"category","embeddable":true,"href":"https:\/\/ugelchucuito.edu.pe\/portal\/wp-json\/wp\/v2\/categories?post=20623"},{"taxonomy":"post_tag","embeddable":true,"href":"https:\/\/ugelchucuito.edu.pe\/portal\/wp-json\/wp\/v2\/tags?post=20623"}],"curies":[{"name":"wp","href":"https:\/\/api.w.org\/{rel}","templated":true}]}}