{"id":20688,"date":"2023-05-12T20:03:50","date_gmt":"2023-05-13T01:03:50","guid":{"rendered":"http:\/\/ugelchucuito.edu.pe\/portal\/?p=20688"},"modified":"2023-05-12T20:03:51","modified_gmt":"2023-05-13T01:03:51","slug":"convocatoria-adjudicacion-de-plazas-vacantes-para-docentes-y-auxiliar-de-educacion-2023-cuadro-de-meritos-pun-educ-primaria-pun-primaria-educ-fisica-y-expedientes-auxiliar-15-05-2023","status":"publish","type":"post","link":"https:\/\/ugelchucuito.edu.pe\/portal\/2023\/05\/12\/convocatoria-adjudicacion-de-plazas-vacantes-para-docentes-y-auxiliar-de-educacion-2023-cuadro-de-meritos-pun-educ-primaria-pun-primaria-educ-fisica-y-expedientes-auxiliar-15-05-2023\/","title":{"rendered":"CONVOCATORIA ADJUDICACI\u00d3N DE PLAZAS VACANTES PARA DOCENTES Y AUXILIAR DE EDUCACI\u00d3N 2023. CUADRO DE M\u00c9RITOS, PUN \u2013 EDUC. PRIMARIA, PUN PRIMARIA EDUC. F\u00cdSICA Y EXPEDIENTES AUXILIAR (15\/05\/2023)."},"content":{"rendered":"\n<div class=\"wp-block-file\"><a href=\"http:\/\/ugelchucuito.edu.pe\/portal\/wp-content\/uploads\/2023\/05\/PLAZAS-VACANTES-PARA-PUBLICAR-28-04-2023-3.pdf\" target=\"_blank\" rel=\"noreferrer noopener\"><strong><span class=\"has-inline-color has-vivid-cyan-blue-color\">&#8211; VER REPORTE DE PLAZAS VACANTES<\/span><\/strong><\/a><a href=\"http:\/\/ugelchucuito.edu.pe\/portal\/wp-content\/uploads\/2023\/05\/PLAZAS-VACANTES-PARA-PUBLICAR-28-04-2023-3.pdf\" class=\"wp-block-file__button\" download>Descarga<\/a><\/div>\n\n\n\n<p><strong><span class=\"has-inline-color has-vivid-cyan-blue-color\">La adjudicaci\u00f3n se realizar\u00e1 de forma presencial en las instalaciones de la sede administrativa de la UGEL Chucuito Juli el\u00a0d\u00eda\u00a0Lunes 15 de Mayo de 2023, Hora 9:00am.<\/span><\/strong><\/p>\n\n\n\n<p><span class=\"has-inline-color has-vivid-red-color\"><strong>Nota: Los postulantes de la PUN al momento de su adjudicaci\u00f3n deben presentar su expediente seg\u00fan DS Nro 001-2023-MINEDU.<\/strong> <strong>Los postulantes del Cuadro de M\u00e9ritos de Auxiliar de Educaci\u00f3n deben portar sus originales de su expediente para confrontar con las copias.<\/strong><\/span><\/p>\n","protected":false},"excerpt":{"rendered":"<p>La adjudicaci\u00f3n se realizar\u00e1 de forma presencial en las instalaciones de la sede administrativa de la UGEL Chucuito Juli el\u00a0d\u00eda\u00a0Lunes 15 de Mayo de 2023, Hora 9:00am. Nota: Los postulantes de la PUN al momento de su adjudicaci\u00f3n deben presentar su expediente seg\u00fan DS Nro 001-2023-MINEDU. Los postulantes del Cuadro de M\u00e9ritos de Auxiliar de [&hellip;]<\/p>\n","protected":false},"author":3,"featured_media":0,"comment_status":"open","ping_status":"open","sticky":false,"template":"","format":"standard","meta":{"footnotes":""},"categories":[],"tags":[],"class_list":["post-20688","post","type-post","status-publish","format-standard","hentry"],"_links":{"self":[{"href":"https:\/\/ugelchucuito.edu.pe\/portal\/wp-json\/wp\/v2\/posts\/20688","targetHints":{"allow":["GET"]}}],"collection":[{"href":"https:\/\/ugelchucuito.edu.pe\/portal\/wp-json\/wp\/v2\/posts"}],"about":[{"href":"https:\/\/ugelchucuito.edu.pe\/portal\/wp-json\/wp\/v2\/types\/post"}],"author":[{"embeddable":true,"href":"https:\/\/ugelchucuito.edu.pe\/portal\/wp-json\/wp\/v2\/users\/3"}],"replies":[{"embeddable":true,"href":"https:\/\/ugelchucuito.edu.pe\/portal\/wp-json\/wp\/v2\/comments?post=20688"}],"version-history":[{"count":1,"href":"https:\/\/ugelchucuito.edu.pe\/portal\/wp-json\/wp\/v2\/posts\/20688\/revisions"}],"predecessor-version":[{"id":20690,"href":"https:\/\/ugelchucuito.edu.pe\/portal\/wp-json\/wp\/v2\/posts\/20688\/revisions\/20690"}],"wp:attachment":[{"href":"https:\/\/ugelchucuito.edu.pe\/portal\/wp-json\/wp\/v2\/media?parent=20688"}],"wp:term":[{"taxonomy":"category","embeddable":true,"href":"https:\/\/ugelchucuito.edu.pe\/portal\/wp-json\/wp\/v2\/categories?post=20688"},{"taxonomy":"post_tag","embeddable":true,"href":"https:\/\/ugelchucuito.edu.pe\/portal\/wp-json\/wp\/v2\/tags?post=20688"}],"curies":[{"name":"wp","href":"https:\/\/api.w.org\/{rel}","templated":true}]}}