{"id":20707,"date":"2023-05-16T22:01:10","date_gmt":"2023-05-17T03:01:10","guid":{"rendered":"http:\/\/ugelchucuito.edu.pe\/portal\/?p=20707"},"modified":"2023-05-16T22:01:11","modified_gmt":"2023-05-17T03:01:11","slug":"scratch-day-peru-2023","status":"publish","type":"post","link":"https:\/\/ugelchucuito.edu.pe\/portal\/2023\/05\/16\/scratch-day-peru-2023\/","title":{"rendered":"SCRATCH DAY PERU 2023"},"content":{"rendered":"\n<p>D\u00eda del Scratch Per\u00fa 2023: Webinar para potenciar las habilidades digitales de estudiantes.\u00a1Celebremos el D\u00eda del Scratch Per\u00fa 2023! El Ministerio de Educaci\u00f3n se suma al esfuerzo mundial, el d\u00eda 17 y 19 de mayo, en el marco del D\u00eda Internacional del Scratch, promoviendo el uso adecuado de las tecnolog\u00edas digitales en estudiantes del nivel primaria y secundaria de instituciones educativas p\u00fablicas y privadas de Educaci\u00f3n B\u00e1sica.En el D\u00eda del Scratch Per\u00fa 2023 se espera contar con la participaci\u00f3n de m\u00e1s de 5,000 estudiantes.<\/p>\n\n\n\n<p><strong><span class=\"has-inline-color has-vivid-red-color\">Fecha de inscripci\u00f3n (del 08 al 17 de mayo): <\/span><\/strong>la inscripci\u00f3n del estudiante se realizar\u00e1 a trav\u00e9s de un formulario en el que se completen sus datos.<\/p>\n\n\n\n<p><span class=\"has-inline-color has-white-color\">.<\/span><\/p>\n\n\n\n<p><strong><span class=\"has-inline-color has-vivid-red-color\">link del formulario:<\/span><\/strong><\/p>\n\n\n\n<p><a href=\"https:\/\/docs.google.com\/forms\/d\/e\/1FAIpQLSdQjyZIteHV52uMSnejNWNvM7pZ6eCVANvIubx3BzJ_TcxeNg\/viewform\">https:\/\/docs.google.com\/forms\/d\/e\/1FAIpQLSdQjyZIteHV52uMSnejNWNvM7pZ6eCVANvIubx3BzJ_TcxeNg\/viewform<\/a><\/p>\n\n\n\n<p><span class=\"has-inline-color has-white-color\">.<\/span><\/p>\n\n\n\n<p>\u00bfEres estudiante de secundaria? Esta es tu oportunidad de demostrar tus habilidades en programaci\u00f3n elaborando un proyecto con Scratch.<br>\u00a1Los mejores proyectos ser\u00e1n presentados en vivo en un espacio lleno de sorpresas y aprendizajes!<\/p>\n\n\n\n<p><strong><span class=\"has-inline-color has-vivid-red-color\">\ud83d\udcc6 \u00bfCu\u00e1ndo?, \u00a0\ud83d\udd50 \u00bfA qu\u00e9 hora?, \u00bfD\u00f3nde?<\/span><\/strong><br><strong>\u00a0 <span class=\"has-inline-color has-vivid-red-color\">\u00a0 \u00a0 \u2022 17 de mayo &#8211; 6 p. m.<\/span><br><\/strong>\u00a0 \u00a0 \u00a0 Webinar 1: \u201cLenguaje de programaci\u00f3n visual haciendo uso del aplicativo Scratch\u201d.<br>\u00a0 \u00a0 \u00a0 Fb Live Per\u00faEduca<\/p>\n\n\n\n<p><span class=\"has-inline-color has-white-color\">.<\/span><\/p>\n\n\n\n<p><strong><span class=\"has-inline-color has-vivid-red-color\">\u2022 19 de mayo &#8211; 2 p. m.<\/span><br><\/strong>\u00a0 Webinar 2 \u00abScratch Day\u00bb<br>\u00a0 Fb Live Per\u00faEduca<\/p>\n\n\n\n<p><span class=\"has-inline-color has-white-color\">.<\/span><\/p>\n\n\n\n<p>\u00a1Inscr\u00edbete y env\u00eda tu proyecto de Scratch hasta el 18 de mayo! Solo debes registrarte en<br>Nota informativa:<\/p>\n\n\n\n<p><a href=\"https:\/\/bit.ly\/ScratchDayPer\u00fa\" target=\"_blank\" rel=\"noreferrer noopener\">https:\/\/bit.ly\/ScratchDayPer\u00fa<\/a><\/p>\n\n\n\n<p><span class=\"has-inline-color has-white-color\">.<\/span><br>\u00a1Juega, crea y aprende!<\/p>\n\n\n\n<p><span class=\"has-inline-color has-white-color\">.<\/span><\/p>\n","protected":false},"excerpt":{"rendered":"<p>D\u00eda del Scratch Per\u00fa 2023: Webinar para potenciar las habilidades digitales de estudiantes.\u00a1Celebremos el D\u00eda del Scratch Per\u00fa 2023! El Ministerio de Educaci\u00f3n se suma al esfuerzo mundial, el d\u00eda 17 y 19 de mayo, en el marco del D\u00eda Internacional del Scratch, promoviendo el uso adecuado de las tecnolog\u00edas digitales en estudiantes del nivel [&hellip;]<\/p>\n","protected":false},"author":1,"featured_media":0,"comment_status":"open","ping_status":"open","sticky":false,"template":"","format":"standard","meta":{"footnotes":""},"categories":[],"tags":[],"class_list":["post-20707","post","type-post","status-publish","format-standard","hentry"],"_links":{"self":[{"href":"https:\/\/ugelchucuito.edu.pe\/portal\/wp-json\/wp\/v2\/posts\/20707","targetHints":{"allow":["GET"]}}],"collection":[{"href":"https:\/\/ugelchucuito.edu.pe\/portal\/wp-json\/wp\/v2\/posts"}],"about":[{"href":"https:\/\/ugelchucuito.edu.pe\/portal\/wp-json\/wp\/v2\/types\/post"}],"author":[{"embeddable":true,"href":"https:\/\/ugelchucuito.edu.pe\/portal\/wp-json\/wp\/v2\/users\/1"}],"replies":[{"embeddable":true,"href":"https:\/\/ugelchucuito.edu.pe\/portal\/wp-json\/wp\/v2\/comments?post=20707"}],"version-history":[{"count":1,"href":"https:\/\/ugelchucuito.edu.pe\/portal\/wp-json\/wp\/v2\/posts\/20707\/revisions"}],"predecessor-version":[{"id":20709,"href":"https:\/\/ugelchucuito.edu.pe\/portal\/wp-json\/wp\/v2\/posts\/20707\/revisions\/20709"}],"wp:attachment":[{"href":"https:\/\/ugelchucuito.edu.pe\/portal\/wp-json\/wp\/v2\/media?parent=20707"}],"wp:term":[{"taxonomy":"category","embeddable":true,"href":"https:\/\/ugelchucuito.edu.pe\/portal\/wp-json\/wp\/v2\/categories?post=20707"},{"taxonomy":"post_tag","embeddable":true,"href":"https:\/\/ugelchucuito.edu.pe\/portal\/wp-json\/wp\/v2\/tags?post=20707"}],"curies":[{"name":"wp","href":"https:\/\/api.w.org\/{rel}","templated":true}]}}