{"id":20739,"date":"2023-05-22T15:38:53","date_gmt":"2023-05-22T20:38:53","guid":{"rendered":"http:\/\/ugelchucuito.edu.pe\/portal\/?p=20739"},"modified":"2023-05-22T15:42:09","modified_gmt":"2023-05-22T20:42:09","slug":"actividades-en-conmemoracion-del-dia-mundial-de-medio-ambiente-05-de-junio","status":"publish","type":"post","link":"https:\/\/ugelchucuito.edu.pe\/portal\/2023\/05\/22\/actividades-en-conmemoracion-del-dia-mundial-de-medio-ambiente-05-de-junio\/","title":{"rendered":"Actividades en conmemoraci\u00f3n del D\u00eda Mundial de Medio Ambiente (05 de junio)."},"content":{"rendered":"\n<div class=\"wp-block-file\"><a href=\"https:\/\/ugelchucuito.edu.pe\/portal\/wp-content\/uploads\/2023\/05\/OFICIO-MULTIPLE-N\u00b0-0032.pdf\"><strong><span class=\"has-inline-color has-vivid-cyan-blue-color\">OFICIO-M\u00daLTIPLE-N\u00b0-0032<\/span><\/strong><\/a><a href=\"https:\/\/ugelchucuito.edu.pe\/portal\/wp-content\/uploads\/2023\/05\/OFICIO-MULTIPLE-N\u00b0-0032.pdf\" class=\"wp-block-file__button\" download>Descarga<\/a><\/div>\n\n\n\n<p>Estimados docentes y directivos: <\/p>\n\n\n\n<p>De acuerdo D. S. N\u00b0 006-2021-MINEDU que aprueba los \u201cLineamientos para la Gesti\u00f3n Escolar de las Instituciones Educativas P\u00fablicas de la Educaci\u00f3n B\u00e1sica\u201d que son los lineamientos para fortalecer la pol\u00edtica de simplificaci\u00f3n administrativa de la gesti\u00f3n escolar; y, de la R.M.\u00a0 N\u00b0 189-2021-MINEDU.<\/p>\n\n\n\n<p>En atenci\u00f3n al documento en referencia los Directores (as) de los niveles de Inicial, Primaria, Secundaria, EBA y EBE de la UGEL Chucuito, se deben ejecutar las siguientes actividades e informar el cumplimiento de los mismos al \u00e1rea de gesti\u00f3n pedag\u00f3gica:<\/p>\n\n\n\n<p>01 de junio jornada de limpieza de la instituci\u00f3n educativa.<\/p>\n\n\n\n<p>05 de junio exposici\u00f3n fotogr\u00e1fica y\/o mural.<\/p>\n\n\n\n<p>05 de junio charlas sobre el d\u00eda mundial del medio ambiente.<\/p>\n\n\n\n<p>05 de junio juramentaci\u00f3n de las brigadas ambientales.<\/p>\n","protected":false},"excerpt":{"rendered":"<p>Estimados docentes y directivos: De acuerdo D. S. N\u00b0 006-2021-MINEDU que aprueba los \u201cLineamientos para la Gesti\u00f3n Escolar de las Instituciones Educativas P\u00fablicas de la Educaci\u00f3n B\u00e1sica\u201d que son los lineamientos para fortalecer la pol\u00edtica de simplificaci\u00f3n administrativa de la gesti\u00f3n escolar; y, de la R.M.\u00a0 N\u00b0 189-2021-MINEDU. En atenci\u00f3n al documento en referencia los [&hellip;]<\/p>\n","protected":false},"author":2,"featured_media":0,"comment_status":"open","ping_status":"open","sticky":false,"template":"","format":"standard","meta":{"footnotes":""},"categories":[],"tags":[],"class_list":["post-20739","post","type-post","status-publish","format-standard","hentry"],"_links":{"self":[{"href":"https:\/\/ugelchucuito.edu.pe\/portal\/wp-json\/wp\/v2\/posts\/20739","targetHints":{"allow":["GET"]}}],"collection":[{"href":"https:\/\/ugelchucuito.edu.pe\/portal\/wp-json\/wp\/v2\/posts"}],"about":[{"href":"https:\/\/ugelchucuito.edu.pe\/portal\/wp-json\/wp\/v2\/types\/post"}],"author":[{"embeddable":true,"href":"https:\/\/ugelchucuito.edu.pe\/portal\/wp-json\/wp\/v2\/users\/2"}],"replies":[{"embeddable":true,"href":"https:\/\/ugelchucuito.edu.pe\/portal\/wp-json\/wp\/v2\/comments?post=20739"}],"version-history":[{"count":3,"href":"https:\/\/ugelchucuito.edu.pe\/portal\/wp-json\/wp\/v2\/posts\/20739\/revisions"}],"predecessor-version":[{"id":20743,"href":"https:\/\/ugelchucuito.edu.pe\/portal\/wp-json\/wp\/v2\/posts\/20739\/revisions\/20743"}],"wp:attachment":[{"href":"https:\/\/ugelchucuito.edu.pe\/portal\/wp-json\/wp\/v2\/media?parent=20739"}],"wp:term":[{"taxonomy":"category","embeddable":true,"href":"https:\/\/ugelchucuito.edu.pe\/portal\/wp-json\/wp\/v2\/categories?post=20739"},{"taxonomy":"post_tag","embeddable":true,"href":"https:\/\/ugelchucuito.edu.pe\/portal\/wp-json\/wp\/v2\/tags?post=20739"}],"curies":[{"name":"wp","href":"https:\/\/api.w.org\/{rel}","templated":true}]}}