{"id":20780,"date":"2023-05-26T08:44:42","date_gmt":"2023-05-26T13:44:42","guid":{"rendered":"http:\/\/ugelchucuito.edu.pe\/portal\/?p=20780"},"modified":"2023-05-26T08:44:43","modified_gmt":"2023-05-26T13:44:43","slug":"videoconferencia-operatividad-del-plan-de-accion-del-profesor-de-innovacion-pedagogica","status":"publish","type":"post","link":"https:\/\/ugelchucuito.edu.pe\/portal\/2023\/05\/26\/videoconferencia-operatividad-del-plan-de-accion-del-profesor-de-innovacion-pedagogica\/","title":{"rendered":"VIDEOCONFERENCIA: Operatividad del Plan de Acci\u00f3n del Profesor de Innovaci\u00f3n Pedag\u00f3gica"},"content":{"rendered":"\n<p><strong><span class=\"has-inline-color has-vivid-red-color\">DIRIGIDO A:<\/span><\/strong><\/p>\n\n\n\n<ul class=\"wp-block-list\"><li>Profesores de Innovaci\u00f3n Pedag\u00f3gica (PIP)<\/li><li>Directores de Instituciones Educativas con PIP<\/li><li>Especialistas en Educaci\u00f3n<\/li><\/ul>\n\n\n\n<p><span class=\"has-inline-color has-white-color\">.<\/span><\/p>\n\n\n\n<p><img loading=\"lazy\" decoding=\"async\" height=\"16\" width=\"16\" alt=\"\ud83d\udc68\u200d\ud83d\udcbc\" src=\"https:\/\/static.xx.fbcdn.net\/images\/emoji.php\/v9\/t9a\/1\/16\/1f468_200d_1f4bc.png\"> <strong>Ponente:<\/strong> DITE &#8211; MINEDU<\/p>\n\n\n\n<p><img loading=\"lazy\" decoding=\"async\" height=\"16\" width=\"16\" alt=\"\ud83d\udcc6\" src=\"https:\/\/static.xx.fbcdn.net\/images\/emoji.php\/v9\/tff\/1\/16\/1f4c6.png\"> <strong>Fecha:<\/strong> martes 30 de mayo<\/p>\n\n\n\n<p><img loading=\"lazy\" decoding=\"async\" height=\"16\" width=\"16\" alt=\"\u23f0\" src=\"https:\/\/static.xx.fbcdn.net\/images\/emoji.php\/v9\/t34\/1\/16\/23f0.png\"><strong> Hora:<\/strong> 17:00 a 19:00 hrs.<\/p>\n\n\n\n<p><span class=\"has-inline-color has-white-color\">.<\/span><\/p>\n\n\n\n<p><strong>Link de acceso a la sala Zoom:<\/strong><\/p>\n\n\n\n<p><a href=\"https:\/\/us02web.zoom.us\/j\/81177511602?pwd=WkNBOUdKRGNQYXZ0MWtxK2hXYUF6Zz09\">https:\/\/us02web.zoom.us\/j\/81177511602?pwd=WkNBOUdKRGNQYXZ0MWtxK2hXYUF6Zz09<\/a><\/p>\n","protected":false},"excerpt":{"rendered":"<p>DIRIGIDO A: Profesores de Innovaci\u00f3n Pedag\u00f3gica (PIP) Directores de Instituciones Educativas con PIP Especialistas en Educaci\u00f3n . Ponente: DITE &#8211; MINEDU Fecha: martes 30 de mayo Hora: 17:00 a 19:00 hrs. . Link de acceso a la sala Zoom: https:\/\/us02web.zoom.us\/j\/81177511602?pwd=WkNBOUdKRGNQYXZ0MWtxK2hXYUF6Zz09<\/p>\n","protected":false},"author":1,"featured_media":0,"comment_status":"open","ping_status":"open","sticky":false,"template":"","format":"standard","meta":{"footnotes":""},"categories":[],"tags":[],"class_list":["post-20780","post","type-post","status-publish","format-standard","hentry"],"_links":{"self":[{"href":"https:\/\/ugelchucuito.edu.pe\/portal\/wp-json\/wp\/v2\/posts\/20780","targetHints":{"allow":["GET"]}}],"collection":[{"href":"https:\/\/ugelchucuito.edu.pe\/portal\/wp-json\/wp\/v2\/posts"}],"about":[{"href":"https:\/\/ugelchucuito.edu.pe\/portal\/wp-json\/wp\/v2\/types\/post"}],"author":[{"embeddable":true,"href":"https:\/\/ugelchucuito.edu.pe\/portal\/wp-json\/wp\/v2\/users\/1"}],"replies":[{"embeddable":true,"href":"https:\/\/ugelchucuito.edu.pe\/portal\/wp-json\/wp\/v2\/comments?post=20780"}],"version-history":[{"count":1,"href":"https:\/\/ugelchucuito.edu.pe\/portal\/wp-json\/wp\/v2\/posts\/20780\/revisions"}],"predecessor-version":[{"id":20782,"href":"https:\/\/ugelchucuito.edu.pe\/portal\/wp-json\/wp\/v2\/posts\/20780\/revisions\/20782"}],"wp:attachment":[{"href":"https:\/\/ugelchucuito.edu.pe\/portal\/wp-json\/wp\/v2\/media?parent=20780"}],"wp:term":[{"taxonomy":"category","embeddable":true,"href":"https:\/\/ugelchucuito.edu.pe\/portal\/wp-json\/wp\/v2\/categories?post=20780"},{"taxonomy":"post_tag","embeddable":true,"href":"https:\/\/ugelchucuito.edu.pe\/portal\/wp-json\/wp\/v2\/tags?post=20780"}],"curies":[{"name":"wp","href":"https:\/\/api.w.org\/{rel}","templated":true}]}}