{"id":20809,"date":"2023-06-01T22:26:41","date_gmt":"2023-06-02T03:26:41","guid":{"rendered":"http:\/\/ugelchucuito.edu.pe\/portal\/?p=20809"},"modified":"2023-06-01T22:29:07","modified_gmt":"2023-06-02T03:29:07","slug":"proceso-de-reasignacion-docente-por-las-causales-de-interes-personal-y-unidad-familiar-ugel-chucuito-juli-2023","status":"publish","type":"post","link":"https:\/\/ugelchucuito.edu.pe\/portal\/2023\/06\/01\/proceso-de-reasignacion-docente-por-las-causales-de-interes-personal-y-unidad-familiar-ugel-chucuito-juli-2023\/","title":{"rendered":"PROCESO DE REASIGNACI\u00d3N DOCENTE POR LAS CAUSALES DE INTER\u00c9S PERSONAL Y UNIDAD FAMILIAR &#8211; UGEL CHUCUITO JULI 2023"},"content":{"rendered":"\n<p><strong><span class=\"has-inline-color has-vivid-red-color\">COMUNICADO: El Comit\u00e9 de Reasignaci\u00f3n Docente 2023 de la Unidad de Gesti\u00f3n Educativa Local Chucuito Juli, en cumplimiento de la RVM N\u00b0 042-2022-MINEDU, RVM N\u00b0 151-2022-MINEDU, RVM N\u00b0 058-2023-MINEDU, comunica lo siguiente:<\/span><\/strong><\/p>\n\n\n\n<p><strong><span class=\"has-inline-color has-vivid-red-color\">La presentaci\u00f3n de expedientes es de manera presencial por mesa de partes de la UGEL en los d\u00edas h\u00e1biles y en Horario de Trabajo seg\u00fan cronograma Regional y Fe de Erratas.<br>Los POSTULANTES para el proceso de REASIGNACI\u00d3N DOCENTE-2023 al momento de presentar su expediente, deben precisar necesariamente la causal ya sea por UNIDAD FAMILIAR o INTER\u00c9S PERSONAL, especificando la etapa y fase correspondiente y declaraci\u00f3n(es) jurada(s).<\/span><\/strong><\/p>\n\n\n\n<div class=\"wp-block-file\"><a href=\"http:\/\/ugelchucuito.edu.pe\/portal\/wp-content\/uploads\/2023\/06\/RDR_1624-2023-DREP_CRONOGRAMA_REGIONAL.pdf\" target=\"_blank\" rel=\"noreferrer noopener\"><strong><span class=\"has-inline-color has-vivid-cyan-blue-color\">&#8211; VER CRONOGRAMA REGIONAL<\/span><\/strong><\/a><a href=\"http:\/\/ugelchucuito.edu.pe\/portal\/wp-content\/uploads\/2023\/06\/RDR_1624-2023-DREP_CRONOGRAMA_REGIONAL.pdf\" class=\"wp-block-file__button\" download>Descarga<\/a><\/div>\n\n\n\n<div class=\"wp-block-file\"><a href=\"http:\/\/ugelchucuito.edu.pe\/portal\/wp-content\/uploads\/2023\/06\/FE_DE_ERRATAS_CRONOGRAMA_REGIONAL.pdf\" target=\"_blank\" rel=\"noreferrer noopener\"><strong><span class=\"has-inline-color has-vivid-cyan-blue-color\">&#8211; VER FE DE ERRATAS AL CRONOGRAMA REGIONAL<\/span><\/strong><\/a><a href=\"http:\/\/ugelchucuito.edu.pe\/portal\/wp-content\/uploads\/2023\/06\/FE_DE_ERRATAS_CRONOGRAMA_REGIONAL.pdf\" class=\"wp-block-file__button\" download>Descarga<\/a><\/div>\n\n\n\n<div class=\"wp-block-file\"><a href=\"http:\/\/ugelchucuito.edu.pe\/portal\/wp-content\/uploads\/2023\/06\/RVM_N\u00b0_042-2022-MINEDU.pdf\" target=\"_blank\" rel=\"noreferrer noopener\"><strong><span class=\"has-inline-color has-vivid-cyan-blue-color\">&#8211; VER RVM N\u00b0 042-2022-MINEDU<\/span><\/strong><\/a><a href=\"http:\/\/ugelchucuito.edu.pe\/portal\/wp-content\/uploads\/2023\/06\/RVM_N\u00b0_042-2022-MINEDU.pdf\" class=\"wp-block-file__button\" download>Descarga<\/a><\/div>\n\n\n\n<div class=\"wp-block-file\"><a href=\"http:\/\/ugelchucuito.edu.pe\/portal\/wp-content\/uploads\/2023\/06\/RVM-151-2022-MINEDU.pdf\" target=\"_blank\" rel=\"noreferrer noopener\"><strong><span class=\"has-inline-color has-vivid-cyan-blue-color\">&#8211; VER RVM N\u00b0 151-2022-MINEDU<\/span><\/strong><\/a><a href=\"http:\/\/ugelchucuito.edu.pe\/portal\/wp-content\/uploads\/2023\/06\/RVM-151-2022-MINEDU.pdf\" class=\"wp-block-file__button\" download>Descarga<\/a><\/div>\n\n\n\n<div class=\"wp-block-file\"><a href=\"http:\/\/ugelchucuito.edu.pe\/portal\/wp-content\/uploads\/2023\/06\/RVM-058-2023-MINEDU-mod-reasignacion-2023.pdf\" target=\"_blank\" rel=\"noreferrer noopener\"><strong><span class=\"has-inline-color has-vivid-cyan-blue-color\">&#8211; VER RVM N\u00b0 058-2023-MINEDU<\/span><\/strong><\/a><a href=\"http:\/\/ugelchucuito.edu.pe\/portal\/wp-content\/uploads\/2023\/06\/RVM-058-2023-MINEDU-mod-reasignacion-2023.pdf\" class=\"wp-block-file__button\" download>Descarga<\/a><\/div>\n\n\n\n<div class=\"wp-block-file\"><a href=\"http:\/\/ugelchucuito.edu.pe\/portal\/wp-content\/uploads\/2023\/06\/OF_MULT-00076-2023-minedu-vmgp-digedd.pdf\" target=\"_blank\" rel=\"noreferrer noopener\"><strong><span class=\"has-inline-color has-vivid-cyan-blue-color\">&#8211; VER OFICIO M\u00daLTIPLE N\u00b0 00076-2023-MINEDU\/VMGP-DIGEDD<\/span><\/strong><\/a><a href=\"http:\/\/ugelchucuito.edu.pe\/portal\/wp-content\/uploads\/2023\/06\/OF_MULT-00076-2023-minedu-vmgp-digedd.pdf\" class=\"wp-block-file__button\" download>Descarga<\/a><\/div>\n\n\n\n<div class=\"wp-block-file\"><a href=\"http:\/\/ugelchucuito.edu.pe\/portal\/wp-content\/uploads\/2023\/06\/ANEXO-02-declaracion-jurada-para-reasignacion.pdf\" target=\"_blank\" rel=\"noreferrer noopener\"><strong><span class=\"has-inline-color has-vivid-red-color\">&#8211; VER ANEXO N\u00b0 02 &#8211; DECLARACI\u00d3N JURADA PARA REASIGNACI\u00d3N<\/span><\/strong><\/a><a href=\"http:\/\/ugelchucuito.edu.pe\/portal\/wp-content\/uploads\/2023\/06\/ANEXO-02-declaracion-jurada-para-reasignacion.pdf\" class=\"wp-block-file__button\" download>Descarga<\/a><\/div>\n\n\n\n<div class=\"wp-block-file\"><a href=\"http:\/\/ugelchucuito.edu.pe\/portal\/wp-content\/uploads\/2023\/06\/ANEXO-07-declaracion-jurada-para-unidad-familiar.pdf\" target=\"_blank\" rel=\"noreferrer noopener\"><strong><span class=\"has-inline-color has-vivid-red-color\">&#8211; VER ANEXO 07 &#8211; DECLARACI\u00d3N JURADA DE DOMICILIO (S\u00d3LO PARA UNIDAD FAMILIAR)<\/span><\/strong><\/a><a href=\"http:\/\/ugelchucuito.edu.pe\/portal\/wp-content\/uploads\/2023\/06\/ANEXO-07-declaracion-jurada-para-unidad-familiar.pdf\" class=\"wp-block-file__button\" download>Descarga<\/a><\/div>\n","protected":false},"excerpt":{"rendered":"<p>COMUNICADO: El Comit\u00e9 de Reasignaci\u00f3n Docente 2023 de la Unidad de Gesti\u00f3n Educativa Local Chucuito Juli, en cumplimiento de la RVM N\u00b0 042-2022-MINEDU, RVM N\u00b0 151-2022-MINEDU, RVM N\u00b0 058-2023-MINEDU, comunica lo siguiente: La presentaci\u00f3n de expedientes es de manera presencial por mesa de partes de la UGEL en los d\u00edas h\u00e1biles y en Horario de [&hellip;]<\/p>\n","protected":false},"author":3,"featured_media":0,"comment_status":"open","ping_status":"open","sticky":false,"template":"","format":"standard","meta":{"footnotes":""},"categories":[],"tags":[],"class_list":["post-20809","post","type-post","status-publish","format-standard","hentry"],"_links":{"self":[{"href":"https:\/\/ugelchucuito.edu.pe\/portal\/wp-json\/wp\/v2\/posts\/20809","targetHints":{"allow":["GET"]}}],"collection":[{"href":"https:\/\/ugelchucuito.edu.pe\/portal\/wp-json\/wp\/v2\/posts"}],"about":[{"href":"https:\/\/ugelchucuito.edu.pe\/portal\/wp-json\/wp\/v2\/types\/post"}],"author":[{"embeddable":true,"href":"https:\/\/ugelchucuito.edu.pe\/portal\/wp-json\/wp\/v2\/users\/3"}],"replies":[{"embeddable":true,"href":"https:\/\/ugelchucuito.edu.pe\/portal\/wp-json\/wp\/v2\/comments?post=20809"}],"version-history":[{"count":2,"href":"https:\/\/ugelchucuito.edu.pe\/portal\/wp-json\/wp\/v2\/posts\/20809\/revisions"}],"predecessor-version":[{"id":20820,"href":"https:\/\/ugelchucuito.edu.pe\/portal\/wp-json\/wp\/v2\/posts\/20809\/revisions\/20820"}],"wp:attachment":[{"href":"https:\/\/ugelchucuito.edu.pe\/portal\/wp-json\/wp\/v2\/media?parent=20809"}],"wp:term":[{"taxonomy":"category","embeddable":true,"href":"https:\/\/ugelchucuito.edu.pe\/portal\/wp-json\/wp\/v2\/categories?post=20809"},{"taxonomy":"post_tag","embeddable":true,"href":"https:\/\/ugelchucuito.edu.pe\/portal\/wp-json\/wp\/v2\/tags?post=20809"}],"curies":[{"name":"wp","href":"https:\/\/api.w.org\/{rel}","templated":true}]}}