{"id":20822,"date":"2023-06-02T12:27:14","date_gmt":"2023-06-02T17:27:14","guid":{"rendered":"http:\/\/ugelchucuito.edu.pe\/portal\/?p=20822"},"modified":"2023-06-02T12:27:15","modified_gmt":"2023-06-02T17:27:15","slug":"convocatoria-cas-2023-n-07-resultados-finales-hoja-de-vida-entrevista-personal","status":"publish","type":"post","link":"https:\/\/ugelchucuito.edu.pe\/portal\/2023\/06\/02\/convocatoria-cas-2023-n-07-resultados-finales-hoja-de-vida-entrevista-personal\/","title":{"rendered":"CONVOCATORIA CAS 2023 N\u00b0 07 \u2013 Resultados finales hoja de vida, Entrevista personal"},"content":{"rendered":"\n<p><strong><span class=\"has-inline-color has-vivid-red-color\">DESCARGAR:<\/span><\/strong><\/p>\n\n\n\n<div class=\"wp-block-file\"><a href=\"http:\/\/ugelchucuito.edu.pe\/portal\/wp-content\/uploads\/2023\/06\/7\u00b0-CAS-Resultados-finales-hoja-de-vida-\u2013-JEC-CIST.pdf\" target=\"_blank\" rel=\"noreferrer noopener\">7\u00b0 CAS &#8211; Resultados finales hoja de vida \u2013 JEC CIST<\/a><a href=\"http:\/\/ugelchucuito.edu.pe\/portal\/wp-content\/uploads\/2023\/06\/7\u00b0-CAS-Resultados-finales-hoja-de-vida-\u2013-JEC-CIST.pdf\" class=\"wp-block-file__button\" download>Descarga<\/a><\/div>\n\n\n\n<div class=\"wp-block-file\"><a href=\"http:\/\/ugelchucuito.edu.pe\/portal\/wp-content\/uploads\/2023\/06\/7\u00b0-CAS-Resultados-finales-hoja-de-vida-\u2013-JEC-Psicologoa.pdf\" target=\"_blank\" rel=\"noreferrer noopener\">7\u00b0 CAS &#8211; Resultados finales hoja de vida \u2013 JEC Psicologo(a)<\/a><a href=\"http:\/\/ugelchucuito.edu.pe\/portal\/wp-content\/uploads\/2023\/06\/7\u00b0-CAS-Resultados-finales-hoja-de-vida-\u2013-JEC-Psicologoa.pdf\" class=\"wp-block-file__button\" download>Descarga<\/a><\/div>\n\n\n\n<p>.<\/p>\n\n\n\n<p><strong><span class=\"has-inline-color has-vivid-red-color\">ENTREVISTA PERSONAL:<\/span><\/strong> <strong>La entrevista se realizar\u00e1 en el \u00c1rea de Gesti\u00f3n Pedag\u00f3gica (2do Piso) \u2013 UGEL Chucuito el d\u00eda de hoy <span class=\"has-inline-color has-vivid-red-color\">viernes 02 de junio a las 2:30 pm<\/span>, cumpliendo el cronograma publicado.<\/strong><\/p>\n","protected":false},"excerpt":{"rendered":"<p>DESCARGAR: . ENTREVISTA PERSONAL: La entrevista se realizar\u00e1 en el \u00c1rea de Gesti\u00f3n Pedag\u00f3gica (2do Piso) \u2013 UGEL Chucuito el d\u00eda de hoy viernes 02 de junio a las 2:30 pm, cumpliendo el cronograma publicado.<\/p>\n","protected":false},"author":1,"featured_media":0,"comment_status":"open","ping_status":"open","sticky":false,"template":"","format":"standard","meta":{"footnotes":""},"categories":[],"tags":[],"class_list":["post-20822","post","type-post","status-publish","format-standard","hentry"],"_links":{"self":[{"href":"https:\/\/ugelchucuito.edu.pe\/portal\/wp-json\/wp\/v2\/posts\/20822","targetHints":{"allow":["GET"]}}],"collection":[{"href":"https:\/\/ugelchucuito.edu.pe\/portal\/wp-json\/wp\/v2\/posts"}],"about":[{"href":"https:\/\/ugelchucuito.edu.pe\/portal\/wp-json\/wp\/v2\/types\/post"}],"author":[{"embeddable":true,"href":"https:\/\/ugelchucuito.edu.pe\/portal\/wp-json\/wp\/v2\/users\/1"}],"replies":[{"embeddable":true,"href":"https:\/\/ugelchucuito.edu.pe\/portal\/wp-json\/wp\/v2\/comments?post=20822"}],"version-history":[{"count":1,"href":"https:\/\/ugelchucuito.edu.pe\/portal\/wp-json\/wp\/v2\/posts\/20822\/revisions"}],"predecessor-version":[{"id":20825,"href":"https:\/\/ugelchucuito.edu.pe\/portal\/wp-json\/wp\/v2\/posts\/20822\/revisions\/20825"}],"wp:attachment":[{"href":"https:\/\/ugelchucuito.edu.pe\/portal\/wp-json\/wp\/v2\/media?parent=20822"}],"wp:term":[{"taxonomy":"category","embeddable":true,"href":"https:\/\/ugelchucuito.edu.pe\/portal\/wp-json\/wp\/v2\/categories?post=20822"},{"taxonomy":"post_tag","embeddable":true,"href":"https:\/\/ugelchucuito.edu.pe\/portal\/wp-json\/wp\/v2\/tags?post=20822"}],"curies":[{"name":"wp","href":"https:\/\/api.w.org\/{rel}","templated":true}]}}