{"id":20922,"date":"2023-06-14T21:26:38","date_gmt":"2023-06-15T02:26:38","guid":{"rendered":"http:\/\/ugelchucuito.edu.pe\/portal\/?p=20922"},"modified":"2023-06-19T21:54:49","modified_gmt":"2023-06-20T02:54:49","slug":"concurso-educando-para-lograr-entornos-escolares-saludables-y-sostenibles-en-el-peru-vida-saludable-2023","status":"publish","type":"post","link":"https:\/\/ugelchucuito.edu.pe\/portal\/2023\/06\/14\/concurso-educando-para-lograr-entornos-escolares-saludables-y-sostenibles-en-el-peru-vida-saludable-2023\/","title":{"rendered":"Curso \u201cEducando para Lograr Entornos Escolares Saludables y Sostenibles en el Per\u00fa \u2013 vida saludable 2023\u201d"},"content":{"rendered":"\n<p class=\"has-text-align-center\"><strong>La Organizaci\u00f3n de las Naciones Unidas para la Alimentaci\u00f3n y la Agricultura \u2013 FAO viene realizando el curso \u201cEducando para Lograr Entornos Escolares Saludables y Sostenibles en el Per\u00fa \u2013 vida saludable 2023\u201d, el cual tiene como objetivo promover la comprensi\u00f3n y reflexi\u00f3n sobre la importancia de las pol\u00edticas publicas de alimentaci\u00f3n escolar.<\/strong><\/p>\n\n\n\n<figure class=\"wp-block-image size-large is-style-default\"><img decoding=\"async\" src=\"https:\/\/ugelchucuito.edu.pe\/portal\/wp-content\/uploads\/2023\/06\/WhatsApp-Image-2023-06-14-at-21.07.48-724x1024.jpeg\" alt=\"\" class=\"wp-image-20924\" \/><\/figure>\n\n\n\n<figure class=\"wp-block-image size-large is-style-default\"><img decoding=\"async\" src=\"https:\/\/ugelchucuito.edu.pe\/portal\/wp-content\/uploads\/2023\/06\/WhatsApp-Image-2023-06-14-at-21.07.48-1-724x1024.jpeg\" alt=\"\" class=\"wp-image-20925\" \/><\/figure>\n","protected":false},"excerpt":{"rendered":"<p>La Organizaci\u00f3n de las Naciones Unidas para la Alimentaci\u00f3n y la Agricultura \u2013 FAO viene realizando el curso \u201cEducando para Lograr Entornos Escolares Saludables y Sostenibles en el Per\u00fa \u2013 vida saludable 2023\u201d, el cual tiene como objetivo promover la comprensi\u00f3n y reflexi\u00f3n sobre la importancia de las pol\u00edticas publicas de alimentaci\u00f3n escolar.<\/p>\n","protected":false},"author":216,"featured_media":0,"comment_status":"open","ping_status":"open","sticky":false,"template":"","format":"standard","meta":{"footnotes":""},"categories":[],"tags":[],"class_list":["post-20922","post","type-post","status-publish","format-standard","hentry"],"_links":{"self":[{"href":"https:\/\/ugelchucuito.edu.pe\/portal\/wp-json\/wp\/v2\/posts\/20922","targetHints":{"allow":["GET"]}}],"collection":[{"href":"https:\/\/ugelchucuito.edu.pe\/portal\/wp-json\/wp\/v2\/posts"}],"about":[{"href":"https:\/\/ugelchucuito.edu.pe\/portal\/wp-json\/wp\/v2\/types\/post"}],"author":[{"embeddable":true,"href":"https:\/\/ugelchucuito.edu.pe\/portal\/wp-json\/wp\/v2\/users\/216"}],"replies":[{"embeddable":true,"href":"https:\/\/ugelchucuito.edu.pe\/portal\/wp-json\/wp\/v2\/comments?post=20922"}],"version-history":[{"count":3,"href":"https:\/\/ugelchucuito.edu.pe\/portal\/wp-json\/wp\/v2\/posts\/20922\/revisions"}],"predecessor-version":[{"id":20950,"href":"https:\/\/ugelchucuito.edu.pe\/portal\/wp-json\/wp\/v2\/posts\/20922\/revisions\/20950"}],"wp:attachment":[{"href":"https:\/\/ugelchucuito.edu.pe\/portal\/wp-json\/wp\/v2\/media?parent=20922"}],"wp:term":[{"taxonomy":"category","embeddable":true,"href":"https:\/\/ugelchucuito.edu.pe\/portal\/wp-json\/wp\/v2\/categories?post=20922"},{"taxonomy":"post_tag","embeddable":true,"href":"https:\/\/ugelchucuito.edu.pe\/portal\/wp-json\/wp\/v2\/tags?post=20922"}],"curies":[{"name":"wp","href":"https:\/\/api.w.org\/{rel}","templated":true}]}}