{"id":20952,"date":"2023-06-20T09:21:28","date_gmt":"2023-06-20T14:21:28","guid":{"rendered":"http:\/\/ugelchucuito.edu.pe\/portal\/?p=20952"},"modified":"2023-06-21T13:06:24","modified_gmt":"2023-06-21T18:06:24","slug":"jueves-22-de-junio-asistencia-tecnica-sobre-clubes-de-ciencia-y-tecnologia","status":"publish","type":"post","link":"https:\/\/ugelchucuito.edu.pe\/portal\/2023\/06\/20\/jueves-22-de-junio-asistencia-tecnica-sobre-clubes-de-ciencia-y-tecnologia\/","title":{"rendered":"Jueves 22 de junio: Asistencia T\u00e9cnica sobre CLUBES DE CIENCIA Y TECNOLOG\u00cdA"},"content":{"rendered":"\n<p>Estimados Directivos y Docentes de las IIEE de la UGEL Chucuito, por la presente reciban un cordial saludo de la UGEL Chucuito y el  CONCYTEC. Continuando con nuestra l\u00ednea de acci\u00f3n de promover la cultura cient\u00edfica a nivel local y nacional &nbsp;los invitamos a inscribirse del taller de asistencia t\u00e9cnica regional en el marco de la <strong>implementaci\u00f3n de clubes de ciencia y tecnolog\u00eda 2023.<\/strong> (Participan docentes del nivel Primaria y Secundaria miembros del Club de Ciencias o interesados en conformar el Club de ciencias en su IE)<br><\/p>\n\n\n\n<p>Clubes de Ciencia y Tecnolog\u00eda le est\u00e1 invitando a una reuni\u00f3n de Zoom programada.<\/p>\n\n\n\n<p>Tema: ATR VIRTUAL &#8211; PUNO<\/p>\n\n\n\n<p><br>Hora: 22 jun 2023 10:30 a.&nbsp;m. Lima<\/p>\n\n\n\n<p>Unirse a la reuni\u00f3n Zoom<\/p>\n\n\n\n<p><br><a rel=\"noreferrer noopener\" href=\"https:\/\/us06web.zoom.us\/j\/83316006677?pwd=OCt2eG1obFhoVjFlZ1lDMTVPemk2dz09\" target=\"_blank\">https:\/\/us06web.zoom.us\/j\/83316006677?pwd=OCt2eG1obFhoVjFlZ1lDMTVPemk2dz09<\/a><\/p>\n\n\n\n<p>ID de reuni\u00f3n: 833 1600 6677<br>C\u00f3digo de acceso: 336532<\/p>\n","protected":false},"excerpt":{"rendered":"<p>Estimados Directivos y Docentes de las IIEE de la UGEL Chucuito, por la presente reciban un cordial saludo de la UGEL Chucuito y el CONCYTEC. Continuando con nuestra l\u00ednea de acci\u00f3n de promover la cultura cient\u00edfica a nivel local y nacional &nbsp;los invitamos a inscribirse del taller de asistencia t\u00e9cnica regional en el marco de [&hellip;]<\/p>\n","protected":false},"author":2,"featured_media":0,"comment_status":"open","ping_status":"open","sticky":false,"template":"","format":"standard","meta":{"footnotes":""},"categories":[],"tags":[],"class_list":["post-20952","post","type-post","status-publish","format-standard","hentry"],"_links":{"self":[{"href":"https:\/\/ugelchucuito.edu.pe\/portal\/wp-json\/wp\/v2\/posts\/20952","targetHints":{"allow":["GET"]}}],"collection":[{"href":"https:\/\/ugelchucuito.edu.pe\/portal\/wp-json\/wp\/v2\/posts"}],"about":[{"href":"https:\/\/ugelchucuito.edu.pe\/portal\/wp-json\/wp\/v2\/types\/post"}],"author":[{"embeddable":true,"href":"https:\/\/ugelchucuito.edu.pe\/portal\/wp-json\/wp\/v2\/users\/2"}],"replies":[{"embeddable":true,"href":"https:\/\/ugelchucuito.edu.pe\/portal\/wp-json\/wp\/v2\/comments?post=20952"}],"version-history":[{"count":5,"href":"https:\/\/ugelchucuito.edu.pe\/portal\/wp-json\/wp\/v2\/posts\/20952\/revisions"}],"predecessor-version":[{"id":20974,"href":"https:\/\/ugelchucuito.edu.pe\/portal\/wp-json\/wp\/v2\/posts\/20952\/revisions\/20974"}],"wp:attachment":[{"href":"https:\/\/ugelchucuito.edu.pe\/portal\/wp-json\/wp\/v2\/media?parent=20952"}],"wp:term":[{"taxonomy":"category","embeddable":true,"href":"https:\/\/ugelchucuito.edu.pe\/portal\/wp-json\/wp\/v2\/categories?post=20952"},{"taxonomy":"post_tag","embeddable":true,"href":"https:\/\/ugelchucuito.edu.pe\/portal\/wp-json\/wp\/v2\/tags?post=20952"}],"curies":[{"name":"wp","href":"https:\/\/api.w.org\/{rel}","templated":true}]}}