{"id":20994,"date":"2023-06-23T16:28:02","date_gmt":"2023-06-23T21:28:02","guid":{"rendered":"http:\/\/ugelchucuito.edu.pe\/portal\/?p=20994"},"modified":"2023-06-23T16:31:26","modified_gmt":"2023-06-23T21:31:26","slug":"solo-hasta-este-lunes-26-de-junio-convocatoria-para-el-programa-nacional-de-formacion-docente-en-servicio","status":"publish","type":"post","link":"https:\/\/ugelchucuito.edu.pe\/portal\/2023\/06\/23\/solo-hasta-este-lunes-26-de-junio-convocatoria-para-el-programa-nacional-de-formacion-docente-en-servicio\/","title":{"rendered":"SOLO HASTA ESTE LUNES 26 DE JUNIO: Convocatoria para el Programa Nacional de Formaci\u00f3n Docente en Servicio"},"content":{"rendered":"\n<p>Estimados colegas de la UGEL Chucuito, con el prop\u00f3sito de que los docentes desarrollen competencias que respondan a sus necesidades y a los aprendizajes de sus estudiantes, el Ministerio de Educaci\u00f3n, a trav\u00e9s de la Direcci\u00f3n de Formaci\u00f3n Docente en Servicio, invita a los docentes de Educaci\u00f3n B\u00e1sica Regular (EBR) a inscribirse en el Programa Nacional de Formaci\u00f3n Docente en Servicio.&nbsp;<\/p>\n\n\n\n<p>De esta manera, se busca lograr la conducci\u00f3n de los procesos de ense\u00f1anza y aprendizaje en un clima de convivencia escolar democr\u00e1tico e intercultural, en el que se fortalezca la competencia lectora en las diversas \u00e1reas y se consideren los aportes de la neuroeducaci\u00f3n. La meta es fortalecer las competencias profesionales de 120 000 docentes de EBR, que tambi\u00e9n incluye a instituciones educativas de Educaci\u00f3n Intercultural Biling\u00fce (EIB) de primaria multigrado.<\/p>\n\n\n\n<h2 class=\"wp-block-heading\"><strong>Inscripci\u00f3n<\/strong><\/h2>\n\n\n\n<ul class=\"wp-block-list\"><li>&nbsp;Del 12 al 26 de junio&nbsp;<\/li><\/ul>\n\n\n\n<p>Las inscripciones se realizan en el Sistema Integrado de Formaci\u00f3n Docente en Servicio (Sifods):&nbsp;<a rel=\"noreferrer noopener\" href=\"https:\/\/sifods.minedu.gob.pe\/\" target=\"_blank\"><span class=\"has-inline-color has-vivid-cyan-blue-color\"><strong>https:\/\/sifods.minedu.gob.pe<\/strong><\/span><\/a>.&nbsp;<\/p>\n\n\n\n<p><strong><span class=\"has-inline-color has-vivid-red-color\">\u00a1 H\u00e1galo ahora, h\u00e1galo ya!<\/span><\/strong><\/p>\n","protected":false},"excerpt":{"rendered":"<p>Estimados colegas de la UGEL Chucuito, con el prop\u00f3sito de que los docentes desarrollen competencias que respondan a sus necesidades y a los aprendizajes de sus estudiantes, el Ministerio de Educaci\u00f3n, a trav\u00e9s de la Direcci\u00f3n de Formaci\u00f3n Docente en Servicio, invita a los docentes de Educaci\u00f3n B\u00e1sica Regular (EBR) a inscribirse en el Programa [&hellip;]<\/p>\n","protected":false},"author":2,"featured_media":0,"comment_status":"open","ping_status":"open","sticky":false,"template":"","format":"standard","meta":{"footnotes":""},"categories":[],"tags":[],"class_list":["post-20994","post","type-post","status-publish","format-standard","hentry"],"_links":{"self":[{"href":"https:\/\/ugelchucuito.edu.pe\/portal\/wp-json\/wp\/v2\/posts\/20994","targetHints":{"allow":["GET"]}}],"collection":[{"href":"https:\/\/ugelchucuito.edu.pe\/portal\/wp-json\/wp\/v2\/posts"}],"about":[{"href":"https:\/\/ugelchucuito.edu.pe\/portal\/wp-json\/wp\/v2\/types\/post"}],"author":[{"embeddable":true,"href":"https:\/\/ugelchucuito.edu.pe\/portal\/wp-json\/wp\/v2\/users\/2"}],"replies":[{"embeddable":true,"href":"https:\/\/ugelchucuito.edu.pe\/portal\/wp-json\/wp\/v2\/comments?post=20994"}],"version-history":[{"count":3,"href":"https:\/\/ugelchucuito.edu.pe\/portal\/wp-json\/wp\/v2\/posts\/20994\/revisions"}],"predecessor-version":[{"id":20999,"href":"https:\/\/ugelchucuito.edu.pe\/portal\/wp-json\/wp\/v2\/posts\/20994\/revisions\/20999"}],"wp:attachment":[{"href":"https:\/\/ugelchucuito.edu.pe\/portal\/wp-json\/wp\/v2\/media?parent=20994"}],"wp:term":[{"taxonomy":"category","embeddable":true,"href":"https:\/\/ugelchucuito.edu.pe\/portal\/wp-json\/wp\/v2\/categories?post=20994"},{"taxonomy":"post_tag","embeddable":true,"href":"https:\/\/ugelchucuito.edu.pe\/portal\/wp-json\/wp\/v2\/tags?post=20994"}],"curies":[{"name":"wp","href":"https:\/\/api.w.org\/{rel}","templated":true}]}}