{"id":21001,"date":"2023-06-27T08:51:35","date_gmt":"2023-06-27T13:51:35","guid":{"rendered":"http:\/\/ugelchucuito.edu.pe\/portal\/?p=21001"},"modified":"2023-06-27T08:59:07","modified_gmt":"2023-06-27T13:59:07","slug":"atencion-directivos-amplian-plazo-para-el-registro-de-presidentes-de-apafa-en-iiee-publicas-en-la-plataforma-simon","status":"publish","type":"post","link":"https:\/\/ugelchucuito.edu.pe\/portal\/2023\/06\/27\/atencion-directivos-amplian-plazo-para-el-registro-de-presidentes-de-apafa-en-iiee-publicas-en-la-plataforma-simon\/","title":{"rendered":"Atenci\u00f3n directivos, ampl\u00edan  plazo para el registro de presidentes de APAFA en IIEE p\u00fablicas en la plataforma SIMON."},"content":{"rendered":"\n<p>La Direcci\u00f3n General de Educaci\u00f3n B\u00e1sica Regular ha solicitado a las instituciones educativas p\u00fablicas de Educaci\u00f3n B\u00e1sica, el registro de los datos del presidente de APAFA en la plataforma SIMON, habiendo algunos inconvenientes <strong>se ampl\u00eda el plazo hasta el 30 de junio de 2023.<\/strong><br>De existir inconvenientes al momento del registro comunicarse al 930117662 responsable de SIMON UGEL Chcuito. Asimismo, de existir consultas respecto al registro dirigirlas al especialista John C\u00e1rdenas <a rel=\"noreferrer noopener\" href=\"mailto:materialesdigebr@minedu.gob.pe\" target=\"_blank\">materialesdigebr@minedu.gob.pe<\/a><\/p>\n\n\n\n<div class=\"wp-block-file\"><a href=\"https:\/\/ugelchucuito.edu.pe\/portal\/wp-content\/uploads\/2023\/06\/OFICIO_MULTIPLE-00065-2023-MINEDU-VMGP-DIGEBR-Todos-los-niveles-y-Secret..pdf\">OFICIO_MULTIPLE-00065-2023-MINEDU-VMGP-DIGEBR-Todos-los-niveles-y-Secret.<\/a><a href=\"https:\/\/ugelchucuito.edu.pe\/portal\/wp-content\/uploads\/2023\/06\/OFICIO_MULTIPLE-00065-2023-MINEDU-VMGP-DIGEBR-Todos-los-niveles-y-Secret..pdf\" class=\"wp-block-file__button\" download>Descarga<\/a><\/div>\n","protected":false},"excerpt":{"rendered":"<p>La Direcci\u00f3n General de Educaci\u00f3n B\u00e1sica Regular ha solicitado a las instituciones educativas p\u00fablicas de Educaci\u00f3n B\u00e1sica, el registro de los datos del presidente de APAFA en la plataforma SIMON, habiendo algunos inconvenientes se ampl\u00eda el plazo hasta el 30 de junio de 2023.De existir inconvenientes al momento del registro comunicarse al 930117662 responsable de [&hellip;]<\/p>\n","protected":false},"author":2,"featured_media":0,"comment_status":"open","ping_status":"open","sticky":false,"template":"","format":"standard","meta":{"footnotes":""},"categories":[],"tags":[],"class_list":["post-21001","post","type-post","status-publish","format-standard","hentry"],"_links":{"self":[{"href":"https:\/\/ugelchucuito.edu.pe\/portal\/wp-json\/wp\/v2\/posts\/21001","targetHints":{"allow":["GET"]}}],"collection":[{"href":"https:\/\/ugelchucuito.edu.pe\/portal\/wp-json\/wp\/v2\/posts"}],"about":[{"href":"https:\/\/ugelchucuito.edu.pe\/portal\/wp-json\/wp\/v2\/types\/post"}],"author":[{"embeddable":true,"href":"https:\/\/ugelchucuito.edu.pe\/portal\/wp-json\/wp\/v2\/users\/2"}],"replies":[{"embeddable":true,"href":"https:\/\/ugelchucuito.edu.pe\/portal\/wp-json\/wp\/v2\/comments?post=21001"}],"version-history":[{"count":1,"href":"https:\/\/ugelchucuito.edu.pe\/portal\/wp-json\/wp\/v2\/posts\/21001\/revisions"}],"predecessor-version":[{"id":21003,"href":"https:\/\/ugelchucuito.edu.pe\/portal\/wp-json\/wp\/v2\/posts\/21001\/revisions\/21003"}],"wp:attachment":[{"href":"https:\/\/ugelchucuito.edu.pe\/portal\/wp-json\/wp\/v2\/media?parent=21001"}],"wp:term":[{"taxonomy":"category","embeddable":true,"href":"https:\/\/ugelchucuito.edu.pe\/portal\/wp-json\/wp\/v2\/categories?post=21001"},{"taxonomy":"post_tag","embeddable":true,"href":"https:\/\/ugelchucuito.edu.pe\/portal\/wp-json\/wp\/v2\/tags?post=21001"}],"curies":[{"name":"wp","href":"https:\/\/api.w.org\/{rel}","templated":true}]}}