{"id":21027,"date":"2023-06-30T20:33:55","date_gmt":"2023-07-01T01:33:55","guid":{"rendered":"http:\/\/ugelchucuito.edu.pe\/portal\/?p=21027"},"modified":"2023-07-03T23:33:14","modified_gmt":"2023-07-04T04:33:14","slug":"resultados-finales-de-evaluacion-de-expedientes-proceso-de-reasignacion-docente-por-las-causales-de-interes-personal-y-unidad-familiar-ugel-chucuito-juli-2023","status":"publish","type":"post","link":"https:\/\/ugelchucuito.edu.pe\/portal\/2023\/06\/30\/resultados-finales-de-evaluacion-de-expedientes-proceso-de-reasignacion-docente-por-las-causales-de-interes-personal-y-unidad-familiar-ugel-chucuito-juli-2023\/","title":{"rendered":"RESULTADOS FINALES DE EVALUACI\u00d3N DE EXPEDIENTES \u2013 PROCESO DE REASIGNACI\u00d3N DOCENTE POR LAS CAUSALES DE INTER\u00c9S PERSONAL Y UNIDAD FAMILIAR \u2013 UGEL CHUCUITO JULI 2023"},"content":{"rendered":"\n<div class=\"wp-block-file\"><a href=\"http:\/\/ugelchucuito.edu.pe\/portal\/wp-content\/uploads\/2023\/06\/05VER-RESULTADOS-FINALES-EDUCACION-PRIMARIA-REGIONAL.pdf\" target=\"_blank\" rel=\"noreferrer noopener\"><strong><span class=\"has-inline-color has-vivid-cyan-blue-color\">&#8211; VER RESULTADOS FINALES &#8211; EDUCACI\u00d3N PRIMARIA &#8211; REGIONAL<\/span><\/strong><\/a><a href=\"http:\/\/ugelchucuito.edu.pe\/portal\/wp-content\/uploads\/2023\/06\/05VER-RESULTADOS-FINALES-EDUCACION-PRIMARIA-REGIONAL.pdf\" class=\"wp-block-file__button\" download>Descarga<\/a><\/div>\n\n\n\n<div class=\"wp-block-file\"><a href=\"http:\/\/ugelchucuito.edu.pe\/portal\/wp-content\/uploads\/2023\/06\/06VER-RESULTADOS-FINALES-PRIMARIA-EDUCACION-FISICA-REGIONAL.pdf\" target=\"_blank\" rel=\"noreferrer noopener\"><strong><span class=\"has-inline-color has-vivid-cyan-blue-color\">&#8211; VER RESULTADOS FINALES &#8211; PRIMARIA &#8211; EDUCACI\u00d3N F\u00cdSICA &#8211; REGIONAL<\/span><\/strong><\/a><a href=\"http:\/\/ugelchucuito.edu.pe\/portal\/wp-content\/uploads\/2023\/06\/06VER-RESULTADOS-FINALES-PRIMARIA-EDUCACION-FISICA-REGIONAL.pdf\" class=\"wp-block-file__button\" download>Descarga<\/a><\/div>\n\n\n\n<div class=\"wp-block-file\"><a href=\"http:\/\/ugelchucuito.edu.pe\/portal\/wp-content\/uploads\/2023\/06\/01VER-RESULTADOS-FINALES-\u2013-ESPECIALISTAS-DE-EDUCACION-REGIONAL.pdf\" target=\"_blank\" rel=\"noreferrer noopener\"><strong><span class=\"has-inline-color has-vivid-cyan-blue-color\">&#8211; VER RESULTADOS FINALES \u2013 ESPECIALISTAS DE EDUCACI\u00d3N &#8211; REGIONAL<\/span><\/strong><\/a><a href=\"http:\/\/ugelchucuito.edu.pe\/portal\/wp-content\/uploads\/2023\/06\/01VER-RESULTADOS-FINALES-\u2013-ESPECIALISTAS-DE-EDUCACION-REGIONAL.pdf\" class=\"wp-block-file__button\" download>Descarga<\/a><\/div>\n\n\n\n<div class=\"wp-block-file\"><a href=\"http:\/\/ugelchucuito.edu.pe\/portal\/wp-content\/uploads\/2023\/06\/02VER-RESULTADOS-FINALES-DIRECTOR-I.E.-REGIONAL.pdf\" target=\"_blank\" rel=\"noreferrer noopener\"><strong><span class=\"has-inline-color has-vivid-cyan-blue-color\">&#8211; VER RESULTADOS FINALES &#8211; DIRECTOR I.E. &#8211; REGIONAL<\/span><\/strong><\/a><a href=\"http:\/\/ugelchucuito.edu.pe\/portal\/wp-content\/uploads\/2023\/06\/02VER-RESULTADOS-FINALES-DIRECTOR-I.E.-REGIONAL.pdf\" class=\"wp-block-file__button\" download>Descarga<\/a><\/div>\n\n\n\n<div class=\"wp-block-file\"><a href=\"http:\/\/ugelchucuito.edu.pe\/portal\/wp-content\/uploads\/2023\/06\/04VER-RESULTADOS-FINALES-EDUCACION-INICIAL-REGIONAL.pdf\" target=\"_blank\" rel=\"noreferrer noopener\"><strong><span class=\"has-inline-color has-vivid-cyan-blue-color\">&#8211; VER RESULTADOS FINALES &#8211; EDUCACI\u00d3N INICIAL &#8211; REGIONAL<\/span><\/strong><\/a><a href=\"http:\/\/ugelchucuito.edu.pe\/portal\/wp-content\/uploads\/2023\/06\/04VER-RESULTADOS-FINALES-EDUCACION-INICIAL-REGIONAL.pdf\" class=\"wp-block-file__button\" download>Descarga<\/a><\/div>\n\n\n\n<div class=\"wp-block-file\"><a href=\"http:\/\/ugelchucuito.edu.pe\/portal\/wp-content\/uploads\/2023\/06\/07VER-RESULTADOS-FINALES-EDUCACION-SECUNDARIA-REGIONAL.pdf\" target=\"_blank\" rel=\"noreferrer noopener\"><strong><span class=\"has-inline-color has-vivid-cyan-blue-color\">&#8211; VER RESULTADOS FINALES &#8211; EDUCACI\u00d3N SECUNDARIA &#8211; REGIONAL<\/span><\/strong><\/a><a href=\"http:\/\/ugelchucuito.edu.pe\/portal\/wp-content\/uploads\/2023\/06\/07VER-RESULTADOS-FINALES-EDUCACION-SECUNDARIA-REGIONAL.pdf\" class=\"wp-block-file__button\" download>Descarga<\/a><\/div>\n\n\n\n<div class=\"wp-block-file\"><a href=\"http:\/\/ugelchucuito.edu.pe\/portal\/wp-content\/uploads\/2023\/06\/03VER-RESULTADOS-FINALES-EBA-REGIONAL.pdf\" target=\"_blank\" rel=\"noreferrer noopener\"><strong><span class=\"has-inline-color has-vivid-cyan-blue-color\">&#8211; VER RESULTADOS FINALES &#8211; EBA &#8211; REGIONAL<\/span><\/strong><\/a><a href=\"http:\/\/ugelchucuito.edu.pe\/portal\/wp-content\/uploads\/2023\/06\/03VER-RESULTADOS-FINALES-EBA-REGIONAL.pdf\" class=\"wp-block-file__button\" download>Descarga<\/a><\/div>\n\n\n\n<div class=\"wp-block-file\"><a href=\"http:\/\/ugelchucuito.edu.pe\/portal\/wp-content\/uploads\/2023\/06\/08VER-RESULTADOS-FINALES-ETP-REGIONAL.pdf\" target=\"_blank\" rel=\"noreferrer noopener\"><strong><span class=\"has-inline-color has-vivid-cyan-blue-color\">&#8211; VER RESULTADOS FINALES &#8211; ETP &#8211; REGIONAL<\/span><\/strong><\/a><a href=\"http:\/\/ugelchucuito.edu.pe\/portal\/wp-content\/uploads\/2023\/06\/08VER-RESULTADOS-FINALES-ETP-REGIONAL.pdf\" class=\"wp-block-file__button\" download>Descarga<\/a><\/div>\n\n\n\n<div class=\"wp-block-file\"><a href=\"http:\/\/ugelchucuito.edu.pe\/portal\/wp-content\/uploads\/2023\/06\/09VER-RESULTADOS-FINALES-TODOS-LOS-NIVELES-INICIAL-PRIMARIA-Y-SECUNDARIA-INTERREGIONAL.pdf\" target=\"_blank\" rel=\"noreferrer noopener\"><strong><span class=\"has-inline-color has-vivid-cyan-blue-color\">&#8211; VER RESULTADOS FINALES &#8211; TODOS LOS NIVELES (INICIAL, PRIMARIA Y SECUNDARIA) &#8211; INTERREGIONAL<\/span><\/strong><\/a><a href=\"http:\/\/ugelchucuito.edu.pe\/portal\/wp-content\/uploads\/2023\/06\/09VER-RESULTADOS-FINALES-TODOS-LOS-NIVELES-INICIAL-PRIMARIA-Y-SECUNDARIA-INTERREGIONAL.pdf\" class=\"wp-block-file__button\" download>Descarga<\/a><\/div>\n\n\n\n<p><strong><span class=\"has-inline-color has-vivid-red-color\">NOTA: LA ADJUDICACI\u00d3N DE LA ETAPA REGIONAL PRIMERA FASE, SE REALIZAR\u00c1 EN LAS INSTALACIONES DE LA SEDE ADMINISTRATIVA DE LA UGEL CHUCUITO JULI <\/span><span class=\"has-inline-color has-pale-pink-color\">(MODIFICADO EL LUGAR POR EL COMUNICADO N\u00b0 001-2023: IEP N\u00ba 71003 \u201cDaniel Espez\u00faa Velazco\u201d &#8211; Juli)<\/span><span class=\"has-inline-color has-vivid-red-color\"> SEG\u00daN EL CUADRO DE MERITOS QUE SE PUBLICAR\u00c1 EL D\u00cdA LUNES 03\/07\/2023 EN CUMPLIMIENTO AL CRONOGRAMA REGIONAL COMO SIGUE:<\/span><\/strong><\/p>\n\n\n\n<ul class=\"wp-block-list\"><li><strong><span class=\"has-inline-color has-vivid-cyan-blue-color\">MARTES 04\/07\/2023 DESDE LAS 12:00M &#8211; EDUCACI\u00d3N PRIMARIA Y EDUCACI\u00d3N F\u00cdSICA PRIMARIA.<\/span><\/strong><\/li><li><strong><span class=\"has-inline-color has-vivid-cyan-blue-color\">MI\u00c9RCOLES 05\/07\/2023 DESDE LAS 12:00M &#8211; TODOS LOS DEM\u00c1S NIVELES <\/span><\/strong><\/li><\/ul>\n","protected":false},"excerpt":{"rendered":"<p>NOTA: LA ADJUDICACI\u00d3N DE LA ETAPA REGIONAL PRIMERA FASE, SE REALIZAR\u00c1 EN LAS INSTALACIONES DE LA SEDE ADMINISTRATIVA DE LA UGEL CHUCUITO JULI (MODIFICADO EL LUGAR POR EL COMUNICADO N\u00b0 001-2023: IEP N\u00ba 71003 \u201cDaniel Espez\u00faa Velazco\u201d &#8211; Juli) SEG\u00daN EL CUADRO DE MERITOS QUE SE PUBLICAR\u00c1 EL D\u00cdA LUNES 03\/07\/2023 EN CUMPLIMIENTO AL CRONOGRAMA [&hellip;]<\/p>\n","protected":false},"author":3,"featured_media":0,"comment_status":"open","ping_status":"open","sticky":false,"template":"","format":"standard","meta":{"footnotes":""},"categories":[],"tags":[],"class_list":["post-21027","post","type-post","status-publish","format-standard","hentry"],"_links":{"self":[{"href":"https:\/\/ugelchucuito.edu.pe\/portal\/wp-json\/wp\/v2\/posts\/21027","targetHints":{"allow":["GET"]}}],"collection":[{"href":"https:\/\/ugelchucuito.edu.pe\/portal\/wp-json\/wp\/v2\/posts"}],"about":[{"href":"https:\/\/ugelchucuito.edu.pe\/portal\/wp-json\/wp\/v2\/types\/post"}],"author":[{"embeddable":true,"href":"https:\/\/ugelchucuito.edu.pe\/portal\/wp-json\/wp\/v2\/users\/3"}],"replies":[{"embeddable":true,"href":"https:\/\/ugelchucuito.edu.pe\/portal\/wp-json\/wp\/v2\/comments?post=21027"}],"version-history":[{"count":2,"href":"https:\/\/ugelchucuito.edu.pe\/portal\/wp-json\/wp\/v2\/posts\/21027\/revisions"}],"predecessor-version":[{"id":21055,"href":"https:\/\/ugelchucuito.edu.pe\/portal\/wp-json\/wp\/v2\/posts\/21027\/revisions\/21055"}],"wp:attachment":[{"href":"https:\/\/ugelchucuito.edu.pe\/portal\/wp-json\/wp\/v2\/media?parent=21027"}],"wp:term":[{"taxonomy":"category","embeddable":true,"href":"https:\/\/ugelchucuito.edu.pe\/portal\/wp-json\/wp\/v2\/categories?post=21027"},{"taxonomy":"post_tag","embeddable":true,"href":"https:\/\/ugelchucuito.edu.pe\/portal\/wp-json\/wp\/v2\/tags?post=21027"}],"curies":[{"name":"wp","href":"https:\/\/api.w.org\/{rel}","templated":true}]}}