{"id":21044,"date":"2023-07-03T23:29:59","date_gmt":"2023-07-04T04:29:59","guid":{"rendered":"http:\/\/ugelchucuito.edu.pe\/portal\/?p=21044"},"modified":"2023-07-03T23:37:31","modified_gmt":"2023-07-04T04:37:31","slug":"comunicado-n-001-2023-cuadro-de-meritos-final-y-adjudicacion-de-plazas-proceso-de-reasignacion-docente-por-las-causales-de-interes-personal-y-unidad-familiar-ugel-chucuito-j","status":"publish","type":"post","link":"https:\/\/ugelchucuito.edu.pe\/portal\/2023\/07\/03\/comunicado-n-001-2023-cuadro-de-meritos-final-y-adjudicacion-de-plazas-proceso-de-reasignacion-docente-por-las-causales-de-interes-personal-y-unidad-familiar-ugel-chucuito-j\/","title":{"rendered":"COMUNICADO N\u00b0 001-2023. CUADRO DE M\u00c9RITOS FINAL Y ADJUDICACI\u00d3N DE PLAZAS \u2013 PROCESO DE REASIGNACI\u00d3N DOCENTE POR LAS CAUSALES DE INTER\u00c9S PERSONAL Y UNIDAD FAMILIAR \u2013 UGEL CHUCUITO JULI 2023"},"content":{"rendered":"\n<div class=\"wp-block-file\"><a href=\"http:\/\/ugelchucuito.edu.pe\/portal\/wp-content\/uploads\/2023\/07\/COMUNICADO-01-REASIGNACION-2023..pdf\" target=\"_blank\" rel=\"noreferrer noopener\"><strong><span class=\"has-inline-color has-vivid-cyan-blue-color\">&#8211; VER COMUNICADO DEL PROCESO DE REASIGNACI\u00d3N DOCENTE ETAPA REGIONAL &#8211; PRIMERA FASE<\/span><\/strong><\/a><a href=\"http:\/\/ugelchucuito.edu.pe\/portal\/wp-content\/uploads\/2023\/07\/COMUNICADO-01-REASIGNACION-2023..pdf\" class=\"wp-block-file__button\" download>Descarga<\/a><\/div>\n\n\n\n<div class=\"wp-block-file\"><a href=\"http:\/\/ugelchucuito.edu.pe\/portal\/wp-content\/uploads\/2023\/06\/PLAZAS-472-FINAL-MINEDU-UGEL-CHJ_REASIGNACION-DOCENTES-2023-Ultimo-Aris-coco-1.pdf\"><strong><span class=\"has-inline-color has-vivid-red-color\">&#8211; VER REPORTE DE PLAZAS VACANTES (PDF)<\/span><\/strong><\/a><a href=\"http:\/\/ugelchucuito.edu.pe\/portal\/wp-content\/uploads\/2023\/06\/PLAZAS-472-FINAL-MINEDU-UGEL-CHJ_REASIGNACION-DOCENTES-2023-Ultimo-Aris-coco-1.pdf\" class=\"wp-block-file__button\" download>Descarga<\/a><\/div>\n\n\n\n<p><strong><a rel=\"noreferrer noopener\" href=\"https:\/\/docs.google.com\/spreadsheets\/d\/1VsscSPjXRbJTF75V7cczy4EEf3jyh5jm\/edit?usp=sharing&amp;ouid=106257723451650050141&amp;rtpof=true&amp;sd=true\" target=\"_blank\"><span class=\"has-inline-color has-vivid-green-cyan-color\">\u2013 VER REPORTE DE PLAZAS VACANTES (EXCEL DRIVE)<\/span><\/a><\/strong><\/p>\n\n\n\n<p><strong><span class=\"has-inline-color has-vivid-red-color\">ADJUDICACI\u00d3N MARTES 04 DE JULIO DE 2023:<\/span><\/strong><\/p>\n\n\n\n<div class=\"wp-block-file\"><a href=\"http:\/\/ugelchucuito.edu.pe\/portal\/wp-content\/uploads\/2023\/07\/01VER-CUADRO-DE-MERITOS-FINAL-EDUCACION-PRIMARIA-REGIONAL.pdf\" target=\"_blank\" rel=\"noreferrer noopener\"><strong><span class=\"has-inline-color has-vivid-cyan-blue-color\">&#8211; VER CUADRO DE M\u00c9RITOS FINAL &#8211; EDUCACI\u00d3N PRIMARIA &#8211; REGIONAL<\/span><\/strong><\/a><a href=\"http:\/\/ugelchucuito.edu.pe\/portal\/wp-content\/uploads\/2023\/07\/01VER-CUADRO-DE-MERITOS-FINAL-EDUCACION-PRIMARIA-REGIONAL.pdf\" class=\"wp-block-file__button\" download>Descarga<\/a><\/div>\n\n\n\n<div class=\"wp-block-file\"><a href=\"http:\/\/ugelchucuito.edu.pe\/portal\/wp-content\/uploads\/2023\/07\/02VER-CUADRO-DE-MERITOS-FINAL-EDUCACION-FISICA-PRIMARIA-REGIONAL.pdf\" target=\"_blank\" rel=\"noreferrer noopener\"><strong><span class=\"has-inline-color has-vivid-cyan-blue-color\">&#8211; VER CUADRO DE M\u00c9RITOS FINAL &#8211; EDUCACI\u00d3N F\u00cdSICA PRIMARIA &#8211; REGIONAL<\/span><\/strong><\/a><a href=\"http:\/\/ugelchucuito.edu.pe\/portal\/wp-content\/uploads\/2023\/07\/02VER-CUADRO-DE-MERITOS-FINAL-EDUCACION-FISICA-PRIMARIA-REGIONAL.pdf\" class=\"wp-block-file__button\" download>Descarga<\/a><\/div>\n\n\n\n<p><strong><span class=\"has-inline-color has-vivid-red-color\">ADJUDICACI\u00d3N MI\u00c9RCOLES 05 DE JULIO DE 2023:<\/span><\/strong><\/p>\n\n\n\n<div class=\"wp-block-file\"><a href=\"http:\/\/ugelchucuito.edu.pe\/portal\/wp-content\/uploads\/2023\/07\/03VER-CUADRO-DE-MERITOS-FINAL-ESPECIALISTAS-DE-EDUCACION-REGIONAL.pdf\" target=\"_blank\" rel=\"noreferrer noopener\"><strong><span class=\"has-inline-color has-vivid-cyan-blue-color\">&#8211; VER CUADRO DE M\u00c9RITOS FINAL &#8211; ESPECIALISTAS DE EDUCACI\u00d3N &#8211; REGIONAL<\/span><\/strong><\/a><a href=\"http:\/\/ugelchucuito.edu.pe\/portal\/wp-content\/uploads\/2023\/07\/03VER-CUADRO-DE-MERITOS-FINAL-ESPECIALISTAS-DE-EDUCACION-REGIONAL.pdf\" class=\"wp-block-file__button\" download>Descarga<\/a><\/div>\n\n\n\n<div class=\"wp-block-file\"><a href=\"http:\/\/ugelchucuito.edu.pe\/portal\/wp-content\/uploads\/2023\/07\/04VER-CUADRO-DE-MERITOS-FINAL-DIRECTOR-I.E.-REGIONAL.pdf\" target=\"_blank\" rel=\"noreferrer noopener\"><strong><span class=\"has-inline-color has-vivid-cyan-blue-color\">&#8211; VER CUADRO DE M\u00c9RITOS FINAL &#8211; DIRECTOR I.E. &#8211; REGIONAL<\/span><\/strong><\/a><a href=\"http:\/\/ugelchucuito.edu.pe\/portal\/wp-content\/uploads\/2023\/07\/04VER-CUADRO-DE-MERITOS-FINAL-DIRECTOR-I.E.-REGIONAL.pdf\" class=\"wp-block-file__button\" download>Descarga<\/a><\/div>\n\n\n\n<div class=\"wp-block-file\"><a href=\"http:\/\/ugelchucuito.edu.pe\/portal\/wp-content\/uploads\/2023\/07\/05VER-CUADRO-DE-MERITOS-FINAL-EDUCACION-INICIAL-REGIONAL.pdf\" target=\"_blank\" rel=\"noreferrer noopener\"><strong><span class=\"has-inline-color has-vivid-cyan-blue-color\">&#8211; VER CUADRO DE M\u00c9RITOS FINAL &#8211; EDUCACI\u00d3N INICIAL &#8211; REGIONAL<\/span><\/strong><\/a><a href=\"http:\/\/ugelchucuito.edu.pe\/portal\/wp-content\/uploads\/2023\/07\/05VER-CUADRO-DE-MERITOS-FINAL-EDUCACION-INICIAL-REGIONAL.pdf\" class=\"wp-block-file__button\" download>Descarga<\/a><\/div>\n\n\n\n<div class=\"wp-block-file\"><a href=\"http:\/\/ugelchucuito.edu.pe\/portal\/wp-content\/uploads\/2023\/07\/06VER-CUADRO-DE-MERITOS-FINAL-EDUCACION-SECUNDARIA-REGIONAL.pdf\" target=\"_blank\" rel=\"noreferrer noopener\"><strong><span class=\"has-inline-color has-vivid-cyan-blue-color\">&#8211; VER CUADRO DE M\u00c9RITOS FINAL &#8211; EDUCACI\u00d3N SECUNDARIA &#8211; REGIONAL<\/span><\/strong><\/a><a href=\"http:\/\/ugelchucuito.edu.pe\/portal\/wp-content\/uploads\/2023\/07\/06VER-CUADRO-DE-MERITOS-FINAL-EDUCACION-SECUNDARIA-REGIONAL.pdf\" class=\"wp-block-file__button\" download>Descarga<\/a><\/div>\n\n\n\n<div class=\"wp-block-file\"><a href=\"http:\/\/ugelchucuito.edu.pe\/portal\/wp-content\/uploads\/2023\/07\/07VER-CUADRO-DE-MERITOS-FINAL-EBA-REGIONAL.pdf\" target=\"_blank\" rel=\"noreferrer noopener\"><strong><span class=\"has-inline-color has-vivid-cyan-blue-color\">&#8211; VER CUADRO DE M\u00c9RITOS FINAL &#8211; EBA &#8211; REGIONAL<\/span><\/strong><\/a><a href=\"http:\/\/ugelchucuito.edu.pe\/portal\/wp-content\/uploads\/2023\/07\/07VER-CUADRO-DE-MERITOS-FINAL-EBA-REGIONAL.pdf\" class=\"wp-block-file__button\" download>Descarga<\/a><\/div>\n\n\n\n<div class=\"wp-block-file\"><a href=\"http:\/\/ugelchucuito.edu.pe\/portal\/wp-content\/uploads\/2023\/07\/08VER-CUADRO-DE-MERITOS-FINAL-ETP-REGIONAL.pdf\" target=\"_blank\" rel=\"noreferrer noopener\"><strong><span class=\"has-inline-color has-vivid-cyan-blue-color\">&#8211; VER CUADRO DE M\u00c9RITOS FINAL &#8211; ETP &#8211; REGIONAL<\/span><\/strong><\/a><a href=\"http:\/\/ugelchucuito.edu.pe\/portal\/wp-content\/uploads\/2023\/07\/08VER-CUADRO-DE-MERITOS-FINAL-ETP-REGIONAL.pdf\" class=\"wp-block-file__button\" download>Descarga<\/a><\/div>\n","protected":false},"excerpt":{"rendered":"<p>\u2013 VER REPORTE DE PLAZAS VACANTES (EXCEL DRIVE) ADJUDICACI\u00d3N MARTES 04 DE JULIO DE 2023: ADJUDICACI\u00d3N MI\u00c9RCOLES 05 DE JULIO DE 2023:<\/p>\n","protected":false},"author":3,"featured_media":0,"comment_status":"open","ping_status":"open","sticky":false,"template":"","format":"standard","meta":{"footnotes":""},"categories":[],"tags":[],"class_list":["post-21044","post","type-post","status-publish","format-standard","hentry"],"_links":{"self":[{"href":"https:\/\/ugelchucuito.edu.pe\/portal\/wp-json\/wp\/v2\/posts\/21044","targetHints":{"allow":["GET"]}}],"collection":[{"href":"https:\/\/ugelchucuito.edu.pe\/portal\/wp-json\/wp\/v2\/posts"}],"about":[{"href":"https:\/\/ugelchucuito.edu.pe\/portal\/wp-json\/wp\/v2\/types\/post"}],"author":[{"embeddable":true,"href":"https:\/\/ugelchucuito.edu.pe\/portal\/wp-json\/wp\/v2\/users\/3"}],"replies":[{"embeddable":true,"href":"https:\/\/ugelchucuito.edu.pe\/portal\/wp-json\/wp\/v2\/comments?post=21044"}],"version-history":[{"count":2,"href":"https:\/\/ugelchucuito.edu.pe\/portal\/wp-json\/wp\/v2\/posts\/21044\/revisions"}],"predecessor-version":[{"id":21056,"href":"https:\/\/ugelchucuito.edu.pe\/portal\/wp-json\/wp\/v2\/posts\/21044\/revisions\/21056"}],"wp:attachment":[{"href":"https:\/\/ugelchucuito.edu.pe\/portal\/wp-json\/wp\/v2\/media?parent=21044"}],"wp:term":[{"taxonomy":"category","embeddable":true,"href":"https:\/\/ugelchucuito.edu.pe\/portal\/wp-json\/wp\/v2\/categories?post=21044"},{"taxonomy":"post_tag","embeddable":true,"href":"https:\/\/ugelchucuito.edu.pe\/portal\/wp-json\/wp\/v2\/tags?post=21044"}],"curies":[{"name":"wp","href":"https:\/\/api.w.org\/{rel}","templated":true}]}}