{"id":21199,"date":"2023-07-09T11:12:59","date_gmt":"2023-07-09T16:12:59","guid":{"rendered":"http:\/\/ugelchucuito.edu.pe\/portal\/?p=21199"},"modified":"2023-07-09T11:13:00","modified_gmt":"2023-07-09T16:13:00","slug":"%f0%9f%94%b4-atencion-maestros-y-maestras-%f0%9f%99%8b%e2%80%8d%e2%99%82%ef%b8%8f%f0%9f%99%8b%e2%80%8d%e2%99%80%ef%b8%8f%f0%9f%93%a2%f0%9f%93%a2","status":"publish","type":"post","link":"https:\/\/ugelchucuito.edu.pe\/portal\/2023\/07\/09\/%f0%9f%94%b4-atencion-maestros-y-maestras-%f0%9f%99%8b%e2%80%8d%e2%99%82%ef%b8%8f%f0%9f%99%8b%e2%80%8d%e2%99%80%ef%b8%8f%f0%9f%93%a2%f0%9f%93%a2\/","title":{"rendered":"\ud83d\udd34 \u00a1Atenci\u00f3n maestros y maestras! \ud83d\ude4b\u200d\u2642\ufe0f\ud83d\ude4b\u200d\u2640\ufe0f\ud83d\udce2\ud83d\udce2"},"content":{"rendered":"\n<p>\u2705 La Unidad de Gesti\u00f3n Educativa Local Chucuito Juli liderado por el Mg. Jos\u00e9 Gabriel Vizcarra Fajardo, a trav\u00e9s del \u00c1rea de Gesti\u00f3n Pedag\u00f3gica vienen realizando la convocatoria al taller presencial denominado \u00abFORTALECIMIENTO DE CAPACIDADES PEDAG\u00d3GICAS EN LAS \u00c1REAS DE COMUNICACI\u00d3N Y MATEM\u00c1TICA\u00bb, dirigido a directivos del nivel primaria.\ud83d\udcda\ud83d\udcda\u270f\ufe0f<\/p>\n\n\n\n<p>\ud83d\uddd3\ufe0f Fecha: 11,12,13 y 14 de julio del 2023<br>\u27a1\ufe0f Lugar: sede Desaguadero el 11 y 12 de julio<br>IES. T\u00e9cnico Comercial<br>\u23f0Hora: 9:00 am.<br>\u27a1\ufe0f Lugar: sede Juli el 13 y 14 de julio en la IEP. 71003<br>\u23f0 Hora: 9:00 am.<\/p>\n\n\n\n<figure class=\"wp-block-image size-large is-style-default\"><img decoding=\"async\" src=\"https:\/\/ugelchucuito.edu.pe\/portal\/wp-content\/uploads\/2023\/07\/foto5-724x1024.jpeg\" alt=\"\" class=\"wp-image-21201\" \/><\/figure>\n","protected":false},"excerpt":{"rendered":"<p>\u2705 La Unidad de Gesti\u00f3n Educativa Local Chucuito Juli liderado por el Mg. Jos\u00e9 Gabriel Vizcarra Fajardo, a trav\u00e9s del \u00c1rea de Gesti\u00f3n Pedag\u00f3gica vienen realizando la convocatoria al taller presencial denominado \u00abFORTALECIMIENTO DE CAPACIDADES PEDAG\u00d3GICAS EN LAS \u00c1REAS DE COMUNICACI\u00d3N Y MATEM\u00c1TICA\u00bb, dirigido a directivos del nivel primaria.\ud83d\udcda\ud83d\udcda\u270f\ufe0f \ud83d\uddd3\ufe0f Fecha: 11,12,13 y 14 de [&hellip;]<\/p>\n","protected":false},"author":216,"featured_media":0,"comment_status":"open","ping_status":"open","sticky":false,"template":"","format":"standard","meta":{"footnotes":""},"categories":[],"tags":[],"class_list":["post-21199","post","type-post","status-publish","format-standard","hentry"],"_links":{"self":[{"href":"https:\/\/ugelchucuito.edu.pe\/portal\/wp-json\/wp\/v2\/posts\/21199","targetHints":{"allow":["GET"]}}],"collection":[{"href":"https:\/\/ugelchucuito.edu.pe\/portal\/wp-json\/wp\/v2\/posts"}],"about":[{"href":"https:\/\/ugelchucuito.edu.pe\/portal\/wp-json\/wp\/v2\/types\/post"}],"author":[{"embeddable":true,"href":"https:\/\/ugelchucuito.edu.pe\/portal\/wp-json\/wp\/v2\/users\/216"}],"replies":[{"embeddable":true,"href":"https:\/\/ugelchucuito.edu.pe\/portal\/wp-json\/wp\/v2\/comments?post=21199"}],"version-history":[{"count":1,"href":"https:\/\/ugelchucuito.edu.pe\/portal\/wp-json\/wp\/v2\/posts\/21199\/revisions"}],"predecessor-version":[{"id":21202,"href":"https:\/\/ugelchucuito.edu.pe\/portal\/wp-json\/wp\/v2\/posts\/21199\/revisions\/21202"}],"wp:attachment":[{"href":"https:\/\/ugelchucuito.edu.pe\/portal\/wp-json\/wp\/v2\/media?parent=21199"}],"wp:term":[{"taxonomy":"category","embeddable":true,"href":"https:\/\/ugelchucuito.edu.pe\/portal\/wp-json\/wp\/v2\/categories?post=21199"},{"taxonomy":"post_tag","embeddable":true,"href":"https:\/\/ugelchucuito.edu.pe\/portal\/wp-json\/wp\/v2\/tags?post=21199"}],"curies":[{"name":"wp","href":"https:\/\/api.w.org\/{rel}","templated":true}]}}