{"id":21499,"date":"2023-07-19T10:30:48","date_gmt":"2023-07-19T15:30:48","guid":{"rendered":"http:\/\/ugelchucuito.edu.pe\/portal\/?p=21499"},"modified":"2023-07-19T10:41:22","modified_gmt":"2023-07-19T15:41:22","slug":"convocatoria-al-ciclo-formativo-para-docentes-de-matematica-y-comunicacion","status":"publish","type":"post","link":"https:\/\/ugelchucuito.edu.pe\/portal\/2023\/07\/19\/convocatoria-al-ciclo-formativo-para-docentes-de-matematica-y-comunicacion\/","title":{"rendered":"CONVOCATORIA AL CICLO FORMATIVO PARA DOCENTES DE MATEM\u00c1TICA Y COMUNICACI\u00d3N"},"content":{"rendered":"\n<p>Es grato dirigirnos a ustedes para expresarles un cordial saludo y comunicarles que, la UGEL Chucuito, a trav\u00e9s del \u00e1rea de Gesti\u00f3n Pedag\u00f3gica, convoca al ciclo formativo sobre orientaciones para el desarrollo y la evaluaci\u00f3n de competencias, dirigido a docentes del nivel secundaria del \u00e1rea de comunicaci\u00f3n y matem\u00e1tica, seg\u00fan el OFICIO M\u00daLTIPLE N\u00b0 055-2023-GRP-GRDS\/DREP-DUGELCHJ-JAGP\/EC-EM. adjunto:<\/p>\n\n\n\n<div class=\"wp-block-file\"><a href=\"https:\/\/ugelchucuito.edu.pe\/portal\/wp-content\/uploads\/2023\/07\/OFICIO-MULTIPLE-N\u00b0-055-2023-1.pdf\">OFICIO M\u00daLTIPLE-N\u00b0-055-2023&#8211;GRP-GRDS\/DREP-DUGELCHJ-JAGP\/EC-EM.<\/a><a href=\"https:\/\/ugelchucuito.edu.pe\/portal\/wp-content\/uploads\/2023\/07\/OFICIO-MULTIPLE-N\u00b0-055-2023-1.pdf\" class=\"wp-block-file__button\" download>Descarga<\/a><\/div>\n\n\n\n<p><\/p>\n","protected":false},"excerpt":{"rendered":"<p>Es grato dirigirnos a ustedes para expresarles un cordial saludo y comunicarles que, la UGEL Chucuito, a trav\u00e9s del \u00e1rea de Gesti\u00f3n Pedag\u00f3gica, convoca al ciclo formativo sobre orientaciones para el desarrollo y la evaluaci\u00f3n de competencias, dirigido a docentes del nivel secundaria del \u00e1rea de comunicaci\u00f3n y matem\u00e1tica, seg\u00fan el OFICIO M\u00daLTIPLE N\u00b0 055-2023-GRP-GRDS\/DREP-DUGELCHJ-JAGP\/EC-EM. [&hellip;]<\/p>\n","protected":false},"author":2,"featured_media":0,"comment_status":"open","ping_status":"open","sticky":false,"template":"","format":"standard","meta":{"footnotes":""},"categories":[],"tags":[],"class_list":["post-21499","post","type-post","status-publish","format-standard","hentry"],"_links":{"self":[{"href":"https:\/\/ugelchucuito.edu.pe\/portal\/wp-json\/wp\/v2\/posts\/21499","targetHints":{"allow":["GET"]}}],"collection":[{"href":"https:\/\/ugelchucuito.edu.pe\/portal\/wp-json\/wp\/v2\/posts"}],"about":[{"href":"https:\/\/ugelchucuito.edu.pe\/portal\/wp-json\/wp\/v2\/types\/post"}],"author":[{"embeddable":true,"href":"https:\/\/ugelchucuito.edu.pe\/portal\/wp-json\/wp\/v2\/users\/2"}],"replies":[{"embeddable":true,"href":"https:\/\/ugelchucuito.edu.pe\/portal\/wp-json\/wp\/v2\/comments?post=21499"}],"version-history":[{"count":2,"href":"https:\/\/ugelchucuito.edu.pe\/portal\/wp-json\/wp\/v2\/posts\/21499\/revisions"}],"predecessor-version":[{"id":21503,"href":"https:\/\/ugelchucuito.edu.pe\/portal\/wp-json\/wp\/v2\/posts\/21499\/revisions\/21503"}],"wp:attachment":[{"href":"https:\/\/ugelchucuito.edu.pe\/portal\/wp-json\/wp\/v2\/media?parent=21499"}],"wp:term":[{"taxonomy":"category","embeddable":true,"href":"https:\/\/ugelchucuito.edu.pe\/portal\/wp-json\/wp\/v2\/categories?post=21499"},{"taxonomy":"post_tag","embeddable":true,"href":"https:\/\/ugelchucuito.edu.pe\/portal\/wp-json\/wp\/v2\/tags?post=21499"}],"curies":[{"name":"wp","href":"https:\/\/api.w.org\/{rel}","templated":true}]}}