{"id":21561,"date":"2023-07-25T10:58:53","date_gmt":"2023-07-25T15:58:53","guid":{"rendered":"http:\/\/ugelchucuito.edu.pe\/portal\/?p=21561"},"modified":"2023-07-25T11:02:08","modified_gmt":"2023-07-25T16:02:08","slug":"convocatoria-contratacion-de-un-servicio-de-apoyo-administrativo-para-la-oficina-de-abastecimientos-de-la-ugel-chucuito-juli-region-puno-bajo-la-modalidad-de-locacion-de-servicios","status":"publish","type":"post","link":"https:\/\/ugelchucuito.edu.pe\/portal\/2023\/07\/25\/convocatoria-contratacion-de-un-servicio-de-apoyo-administrativo-para-la-oficina-de-abastecimientos-de-la-ugel-chucuito-juli-region-puno-bajo-la-modalidad-de-locacion-de-servicios\/","title":{"rendered":"CONVOCATORIA: CONTRATACI\u00d3N DE UN SERVICIO DE APOYO ADMINISTRATIVO PARA LA OFICINA DE ABASTECIMIENTOS DE LA UGEL CHUCUITO JULI REGI\u00d3N PUNO, BAJO LA MODALIDAD DE LOCACI\u00d3N DE SERVICIOS"},"content":{"rendered":"\n<div class=\"wp-block-file\"><a href=\"http:\/\/ugelchucuito.edu.pe\/portal\/wp-content\/uploads\/2023\/07\/CRONOGRAMA-DE-LA-CONVOCATORIA.pdf\" target=\"_blank\" rel=\"noreferrer noopener\"><strong><span class=\"has-inline-color has-vivid-cyan-blue-color\">&#8211; VER CRONOGRAMA DE LA CONVOCATORIA<\/span><\/strong><\/a><a href=\"http:\/\/ugelchucuito.edu.pe\/portal\/wp-content\/uploads\/2023\/07\/CRONOGRAMA-DE-LA-CONVOCATORIA.pdf\" class=\"wp-block-file__button\" download>Descarga<\/a><\/div>\n\n\n\n<div class=\"wp-block-file\"><a href=\"http:\/\/ugelchucuito.edu.pe\/portal\/wp-content\/uploads\/2023\/07\/TDR_LOCAC_SERV_APOYO_ABAST.pdf\" target=\"_blank\" rel=\"noreferrer noopener\"><strong><span class=\"has-inline-color has-vivid-cyan-blue-color\">&#8211; VER T\u00c9RMINOS DE REFERENCIA<\/span><\/strong><\/a><a href=\"http:\/\/ugelchucuito.edu.pe\/portal\/wp-content\/uploads\/2023\/07\/TDR_LOCAC_SERV_APOYO_ABAST.pdf\" class=\"wp-block-file__button\" download>Descarga<\/a><\/div>\n\n\n\n<div class=\"wp-block-file\"><a href=\"http:\/\/ugelchucuito.edu.pe\/portal\/wp-content\/uploads\/2023\/07\/ANEXOS_Y_DECLARACION-JURADA_2023.pdf\" target=\"_blank\" rel=\"noreferrer noopener\"><strong><span class=\"has-inline-color has-vivid-cyan-blue-color\">&#8211; VER ANEXOS &#8211; DECLARACIONES JURADAS<\/span><\/strong><\/a><a href=\"http:\/\/ugelchucuito.edu.pe\/portal\/wp-content\/uploads\/2023\/07\/ANEXOS_Y_DECLARACION-JURADA_2023.pdf\" class=\"wp-block-file__button\" download>Descarga<\/a><\/div>\n","protected":false},"excerpt":{"rendered":"","protected":false},"author":3,"featured_media":0,"comment_status":"open","ping_status":"open","sticky":false,"template":"","format":"standard","meta":{"footnotes":""},"categories":[],"tags":[],"class_list":["post-21561","post","type-post","status-publish","format-standard","hentry"],"_links":{"self":[{"href":"https:\/\/ugelchucuito.edu.pe\/portal\/wp-json\/wp\/v2\/posts\/21561","targetHints":{"allow":["GET"]}}],"collection":[{"href":"https:\/\/ugelchucuito.edu.pe\/portal\/wp-json\/wp\/v2\/posts"}],"about":[{"href":"https:\/\/ugelchucuito.edu.pe\/portal\/wp-json\/wp\/v2\/types\/post"}],"author":[{"embeddable":true,"href":"https:\/\/ugelchucuito.edu.pe\/portal\/wp-json\/wp\/v2\/users\/3"}],"replies":[{"embeddable":true,"href":"https:\/\/ugelchucuito.edu.pe\/portal\/wp-json\/wp\/v2\/comments?post=21561"}],"version-history":[{"count":3,"href":"https:\/\/ugelchucuito.edu.pe\/portal\/wp-json\/wp\/v2\/posts\/21561\/revisions"}],"predecessor-version":[{"id":21567,"href":"https:\/\/ugelchucuito.edu.pe\/portal\/wp-json\/wp\/v2\/posts\/21561\/revisions\/21567"}],"wp:attachment":[{"href":"https:\/\/ugelchucuito.edu.pe\/portal\/wp-json\/wp\/v2\/media?parent=21561"}],"wp:term":[{"taxonomy":"category","embeddable":true,"href":"https:\/\/ugelchucuito.edu.pe\/portal\/wp-json\/wp\/v2\/categories?post=21561"},{"taxonomy":"post_tag","embeddable":true,"href":"https:\/\/ugelchucuito.edu.pe\/portal\/wp-json\/wp\/v2\/tags?post=21561"}],"curies":[{"name":"wp","href":"https:\/\/api.w.org\/{rel}","templated":true}]}}