{"id":21602,"date":"2023-07-30T14:49:25","date_gmt":"2023-07-30T19:49:25","guid":{"rendered":"http:\/\/ugelchucuito.edu.pe\/portal\/?p=21602"},"modified":"2023-08-01T08:40:30","modified_gmt":"2023-08-01T13:40:30","slug":"convocatoria-al-ciclo-formativo-para-docentes-del-nivel-secundaria","status":"publish","type":"post","link":"https:\/\/ugelchucuito.edu.pe\/portal\/2023\/07\/30\/convocatoria-al-ciclo-formativo-para-docentes-del-nivel-secundaria\/","title":{"rendered":"CONVOCATORIA AL CICLO FORMATIVO PARA DOCENTES DEL NIVEL SECUNDARIA"},"content":{"rendered":"\n<p>Es grato dirigirnos a ustedes para expresarles un cordial saludo y comunicarles que, la UGEL Chucuito, a trav\u00e9s del \u00e1rea de Gesti\u00f3n Pedag\u00f3gica, convoca al ciclo formativo sobre <strong>orientaciones para el desarrollo y la evaluaci\u00f3n de competencias<\/strong>, dirigido a docentes del nivel secundaria de las diferentes \u00e1reas curriculares que se viene desarrollando los d\u00edas mi\u00e9rcoles de 5:00 pm a 7:00 pm en forma virtual.<\/p>\n\n\n\n<p>Los links a las salas virtuales lo compartir\u00e1 el especialista de educaci\u00f3n en su grupo de WhatsApp.<\/p>\n\n\n\n<p><strong><span class=\"has-inline-color has-vivid-cyan-blue-color\">\u00a1 Pr\u00f3ximo taller mi\u00e9rcoles 2 de agosto de 2023 !<\/span><\/strong><\/p>\n\n\n\n<p>Hora: 5:00 pm a 7:00 pm.<\/p>\n\n\n\n<div class=\"wp-block-file\"><a href=\"https:\/\/ugelchucuito.edu.pe\/portal\/wp-content\/uploads\/2023\/08\/Oficio-continuidad-del-ciclo-formativo-2023.pdf\">Oficio-continuidad-del-ciclo-formativo-2023<\/a><a href=\"https:\/\/ugelchucuito.edu.pe\/portal\/wp-content\/uploads\/2023\/08\/Oficio-continuidad-del-ciclo-formativo-2023.pdf\" class=\"wp-block-file__button\" download>Descarga<\/a><\/div>\n","protected":false},"excerpt":{"rendered":"<p>Es grato dirigirnos a ustedes para expresarles un cordial saludo y comunicarles que, la UGEL Chucuito, a trav\u00e9s del \u00e1rea de Gesti\u00f3n Pedag\u00f3gica, convoca al ciclo formativo sobre orientaciones para el desarrollo y la evaluaci\u00f3n de competencias, dirigido a docentes del nivel secundaria de las diferentes \u00e1reas curriculares que se viene desarrollando los d\u00edas mi\u00e9rcoles [&hellip;]<\/p>\n","protected":false},"author":2,"featured_media":0,"comment_status":"open","ping_status":"open","sticky":false,"template":"","format":"standard","meta":{"footnotes":""},"categories":[],"tags":[],"class_list":["post-21602","post","type-post","status-publish","format-standard","hentry"],"_links":{"self":[{"href":"https:\/\/ugelchucuito.edu.pe\/portal\/wp-json\/wp\/v2\/posts\/21602","targetHints":{"allow":["GET"]}}],"collection":[{"href":"https:\/\/ugelchucuito.edu.pe\/portal\/wp-json\/wp\/v2\/posts"}],"about":[{"href":"https:\/\/ugelchucuito.edu.pe\/portal\/wp-json\/wp\/v2\/types\/post"}],"author":[{"embeddable":true,"href":"https:\/\/ugelchucuito.edu.pe\/portal\/wp-json\/wp\/v2\/users\/2"}],"replies":[{"embeddable":true,"href":"https:\/\/ugelchucuito.edu.pe\/portal\/wp-json\/wp\/v2\/comments?post=21602"}],"version-history":[{"count":2,"href":"https:\/\/ugelchucuito.edu.pe\/portal\/wp-json\/wp\/v2\/posts\/21602\/revisions"}],"predecessor-version":[{"id":21622,"href":"https:\/\/ugelchucuito.edu.pe\/portal\/wp-json\/wp\/v2\/posts\/21602\/revisions\/21622"}],"wp:attachment":[{"href":"https:\/\/ugelchucuito.edu.pe\/portal\/wp-json\/wp\/v2\/media?parent=21602"}],"wp:term":[{"taxonomy":"category","embeddable":true,"href":"https:\/\/ugelchucuito.edu.pe\/portal\/wp-json\/wp\/v2\/categories?post=21602"},{"taxonomy":"post_tag","embeddable":true,"href":"https:\/\/ugelchucuito.edu.pe\/portal\/wp-json\/wp\/v2\/tags?post=21602"}],"curies":[{"name":"wp","href":"https:\/\/api.w.org\/{rel}","templated":true}]}}