{"id":21741,"date":"2023-08-10T14:54:13","date_gmt":"2023-08-10T19:54:13","guid":{"rendered":"http:\/\/ugelchucuito.edu.pe\/portal\/?p=21741"},"modified":"2023-08-10T14:54:15","modified_gmt":"2023-08-10T19:54:15","slug":"convocatoria-cas-2023-n-11-resultados-finales-hoja-de-vida","status":"publish","type":"post","link":"https:\/\/ugelchucuito.edu.pe\/portal\/2023\/08\/10\/convocatoria-cas-2023-n-11-resultados-finales-hoja-de-vida\/","title":{"rendered":"CONVOCATORIA CAS 2023 N\u00b0 11 \u2013 Resultados finales hoja de vida"},"content":{"rendered":"\n<p><strong><span class=\"has-inline-color has-vivid-red-color\">DESCARGAR:<\/span><\/strong><\/p>\n\n\n\n<div class=\"wp-block-file\"><a href=\"http:\/\/ugelchucuito.edu.pe\/portal\/wp-content\/uploads\/2023\/08\/11\u00b0-CAS-Resultados-finales-hoja-de-vida-CIST.pdf\" target=\"_blank\" rel=\"noreferrer noopener\">11\u00b0 CAS &#8211; Resultados finales hoja de vida CIST<\/a><a href=\"http:\/\/ugelchucuito.edu.pe\/portal\/wp-content\/uploads\/2023\/08\/11\u00b0-CAS-Resultados-finales-hoja-de-vida-CIST.pdf\" class=\"wp-block-file__button\" download>Descarga<\/a><\/div>\n\n\n\n<div class=\"wp-block-file\"><a href=\"http:\/\/ugelchucuito.edu.pe\/portal\/wp-content\/uploads\/2023\/08\/11\u00b0-CAS-Resultados-finales-hoja-de-vida-PSICOLOGOA.pdf\" target=\"_blank\" rel=\"noreferrer noopener\">11\u00b0 CAS &#8211; Resultados finales hoja de vida PSICOLOGO(A)<\/a><a href=\"http:\/\/ugelchucuito.edu.pe\/portal\/wp-content\/uploads\/2023\/08\/11\u00b0-CAS-Resultados-finales-hoja-de-vida-PSICOLOGOA.pdf\" class=\"wp-block-file__button\" download>Descarga<\/a><\/div>\n\n\n\n<p><span class=\"has-inline-color has-white-color\">.<\/span><\/p>\n\n\n\n<p><span class=\"has-inline-color has-vivid-red-color\"><strong>ENTREVISTA PERSONAL:<\/strong>\u00a0<\/span>La entrevista se realizar\u00e1 en el \u00c1rea de Gesti\u00f3n Pedag\u00f3gica (2do Piso) de la UGEL Chucuito el d\u00eda\u00a0<strong>viernes 11 de agosto a las 9:00 am<\/strong>, cumpliendo el cronograma publicado.<\/p>\n","protected":false},"excerpt":{"rendered":"<p>DESCARGAR: . ENTREVISTA PERSONAL:\u00a0La entrevista se realizar\u00e1 en el \u00c1rea de Gesti\u00f3n Pedag\u00f3gica (2do Piso) de la UGEL Chucuito el d\u00eda\u00a0viernes 11 de agosto a las 9:00 am, cumpliendo el cronograma publicado.<\/p>\n","protected":false},"author":1,"featured_media":0,"comment_status":"open","ping_status":"open","sticky":false,"template":"","format":"standard","meta":{"footnotes":""},"categories":[],"tags":[],"class_list":["post-21741","post","type-post","status-publish","format-standard","hentry"],"_links":{"self":[{"href":"https:\/\/ugelchucuito.edu.pe\/portal\/wp-json\/wp\/v2\/posts\/21741","targetHints":{"allow":["GET"]}}],"collection":[{"href":"https:\/\/ugelchucuito.edu.pe\/portal\/wp-json\/wp\/v2\/posts"}],"about":[{"href":"https:\/\/ugelchucuito.edu.pe\/portal\/wp-json\/wp\/v2\/types\/post"}],"author":[{"embeddable":true,"href":"https:\/\/ugelchucuito.edu.pe\/portal\/wp-json\/wp\/v2\/users\/1"}],"replies":[{"embeddable":true,"href":"https:\/\/ugelchucuito.edu.pe\/portal\/wp-json\/wp\/v2\/comments?post=21741"}],"version-history":[{"count":1,"href":"https:\/\/ugelchucuito.edu.pe\/portal\/wp-json\/wp\/v2\/posts\/21741\/revisions"}],"predecessor-version":[{"id":21745,"href":"https:\/\/ugelchucuito.edu.pe\/portal\/wp-json\/wp\/v2\/posts\/21741\/revisions\/21745"}],"wp:attachment":[{"href":"https:\/\/ugelchucuito.edu.pe\/portal\/wp-json\/wp\/v2\/media?parent=21741"}],"wp:term":[{"taxonomy":"category","embeddable":true,"href":"https:\/\/ugelchucuito.edu.pe\/portal\/wp-json\/wp\/v2\/categories?post=21741"},{"taxonomy":"post_tag","embeddable":true,"href":"https:\/\/ugelchucuito.edu.pe\/portal\/wp-json\/wp\/v2\/tags?post=21741"}],"curies":[{"name":"wp","href":"https:\/\/api.w.org\/{rel}","templated":true}]}}