{"id":22255,"date":"2023-09-24T21:05:56","date_gmt":"2023-09-25T02:05:56","guid":{"rendered":"http:\/\/ugelchucuito.edu.pe\/portal\/?p=22255"},"modified":"2023-09-24T22:30:59","modified_gmt":"2023-09-25T03:30:59","slug":"martes-26-de-setiembre","status":"publish","type":"post","link":"https:\/\/ugelchucuito.edu.pe\/portal\/2023\/09\/24\/martes-26-de-setiembre\/","title":{"rendered":"Martes 26 de setiembre"},"content":{"rendered":"\n<p>Amigos, este martes 26 de setiembre continuamos con el Ciclo Formativo de ACTUALIZACI\u00d3N para Profesores de Matem\u00e1tica en la UGEL Chucuito, el mismo que ser\u00e1 desarrollado por nuestro amigo Jos\u00e9 A. \u00c1valos Reyes, estaremos resolviendo casos pr\u00e1cticos de habilidades pedag\u00f3gicas y desarrollo de competencias en el \u00e1rea de matem\u00e1tica. <\/p>\n\n\n\n<p>D\u00eda: <strong>martes 26 de setiembre<\/strong>.<\/p>\n\n\n\n<p>Hora: <strong>de 7:00 pm a 9:00 pm<\/strong><\/p>\n\n\n\n<p>Link: <a href=\"https:\/\/us06web.zoom.us\/j\/82736156294?pwd=hkxu008w1dn0Lpa8Vj6QvyLVUhrkrO.1\"><strong>https:\/\/us06web.zoom.us\/j\/82736156294?pwd=hkxu008w1dn0Lpa8Vj6QvyLVUhrkrO.1<\/strong> <\/a><\/p>\n\n\n\n<p>\u00a1Los esperamos!<\/p>\n","protected":false},"excerpt":{"rendered":"<p>Amigos, este martes 26 de setiembre continuamos con el Ciclo Formativo de ACTUALIZACI\u00d3N para Profesores de Matem\u00e1tica en la UGEL Chucuito, el mismo que ser\u00e1 desarrollado por nuestro amigo Jos\u00e9 A. \u00c1valos Reyes, estaremos resolviendo casos pr\u00e1cticos de habilidades pedag\u00f3gicas y desarrollo de competencias en el \u00e1rea de matem\u00e1tica. D\u00eda: martes 26 de setiembre. Hora: [&hellip;]<\/p>\n","protected":false},"author":2,"featured_media":0,"comment_status":"open","ping_status":"open","sticky":false,"template":"","format":"standard","meta":{"footnotes":""},"categories":[],"tags":[],"class_list":["post-22255","post","type-post","status-publish","format-standard","hentry"],"_links":{"self":[{"href":"https:\/\/ugelchucuito.edu.pe\/portal\/wp-json\/wp\/v2\/posts\/22255","targetHints":{"allow":["GET"]}}],"collection":[{"href":"https:\/\/ugelchucuito.edu.pe\/portal\/wp-json\/wp\/v2\/posts"}],"about":[{"href":"https:\/\/ugelchucuito.edu.pe\/portal\/wp-json\/wp\/v2\/types\/post"}],"author":[{"embeddable":true,"href":"https:\/\/ugelchucuito.edu.pe\/portal\/wp-json\/wp\/v2\/users\/2"}],"replies":[{"embeddable":true,"href":"https:\/\/ugelchucuito.edu.pe\/portal\/wp-json\/wp\/v2\/comments?post=22255"}],"version-history":[{"count":3,"href":"https:\/\/ugelchucuito.edu.pe\/portal\/wp-json\/wp\/v2\/posts\/22255\/revisions"}],"predecessor-version":[{"id":22267,"href":"https:\/\/ugelchucuito.edu.pe\/portal\/wp-json\/wp\/v2\/posts\/22255\/revisions\/22267"}],"wp:attachment":[{"href":"https:\/\/ugelchucuito.edu.pe\/portal\/wp-json\/wp\/v2\/media?parent=22255"}],"wp:term":[{"taxonomy":"category","embeddable":true,"href":"https:\/\/ugelchucuito.edu.pe\/portal\/wp-json\/wp\/v2\/categories?post=22255"},{"taxonomy":"post_tag","embeddable":true,"href":"https:\/\/ugelchucuito.edu.pe\/portal\/wp-json\/wp\/v2\/tags?post=22255"}],"curies":[{"name":"wp","href":"https:\/\/api.w.org\/{rel}","templated":true}]}}