{"id":22281,"date":"2023-09-25T12:08:42","date_gmt":"2023-09-25T17:08:42","guid":{"rendered":"http:\/\/ugelchucuito.edu.pe\/portal\/?p=22281"},"modified":"2023-09-25T12:08:43","modified_gmt":"2023-09-25T17:08:43","slug":"campana-nacional-yo-estoy-alerta-contra-la-trata-y-tu","status":"publish","type":"post","link":"https:\/\/ugelchucuito.edu.pe\/portal\/2023\/09\/25\/campana-nacional-yo-estoy-alerta-contra-la-trata-y-tu\/","title":{"rendered":"Campa\u00f1a Nacional #Yo Estoy Alerta contra la Trata\u00a0\u00bfy\u00a0T\u00da?"},"content":{"rendered":"\n<p>Ley n.\u00ba 29918, Ley que declara el d\u00eda 23 de setiembre de cada a\u00f1o como el D\u00eda Nacional Contra la Trata de Personas, establece la obligatoriedad para que las instituciones p\u00fablicas y privadas de cada nivel educativo implementen sesiones preventivas a trav\u00e9s de la tutor\u00eda la Campa\u00f1a Nacional e informen a la UGEL las actividades ejecutas con evidencias en la plataforma\u00a0SIMON<\/p>\n","protected":false},"excerpt":{"rendered":"<p>Ley n.\u00ba 29918, Ley que declara el d\u00eda 23 de setiembre de cada a\u00f1o como el D\u00eda Nacional Contra la Trata de Personas, establece la obligatoriedad para que las instituciones p\u00fablicas y privadas de cada nivel educativo implementen sesiones preventivas a trav\u00e9s de la tutor\u00eda la Campa\u00f1a Nacional e informen a la UGEL las actividades [&hellip;]<\/p>\n","protected":false},"author":1,"featured_media":0,"comment_status":"open","ping_status":"open","sticky":false,"template":"","format":"standard","meta":{"footnotes":""},"categories":[],"tags":[],"class_list":["post-22281","post","type-post","status-publish","format-standard","hentry"],"_links":{"self":[{"href":"https:\/\/ugelchucuito.edu.pe\/portal\/wp-json\/wp\/v2\/posts\/22281","targetHints":{"allow":["GET"]}}],"collection":[{"href":"https:\/\/ugelchucuito.edu.pe\/portal\/wp-json\/wp\/v2\/posts"}],"about":[{"href":"https:\/\/ugelchucuito.edu.pe\/portal\/wp-json\/wp\/v2\/types\/post"}],"author":[{"embeddable":true,"href":"https:\/\/ugelchucuito.edu.pe\/portal\/wp-json\/wp\/v2\/users\/1"}],"replies":[{"embeddable":true,"href":"https:\/\/ugelchucuito.edu.pe\/portal\/wp-json\/wp\/v2\/comments?post=22281"}],"version-history":[{"count":1,"href":"https:\/\/ugelchucuito.edu.pe\/portal\/wp-json\/wp\/v2\/posts\/22281\/revisions"}],"predecessor-version":[{"id":22283,"href":"https:\/\/ugelchucuito.edu.pe\/portal\/wp-json\/wp\/v2\/posts\/22281\/revisions\/22283"}],"wp:attachment":[{"href":"https:\/\/ugelchucuito.edu.pe\/portal\/wp-json\/wp\/v2\/media?parent=22281"}],"wp:term":[{"taxonomy":"category","embeddable":true,"href":"https:\/\/ugelchucuito.edu.pe\/portal\/wp-json\/wp\/v2\/categories?post=22281"},{"taxonomy":"post_tag","embeddable":true,"href":"https:\/\/ugelchucuito.edu.pe\/portal\/wp-json\/wp\/v2\/tags?post=22281"}],"curies":[{"name":"wp","href":"https:\/\/api.w.org\/{rel}","templated":true}]}}