{"id":22372,"date":"2023-10-05T16:56:48","date_gmt":"2023-10-05T21:56:48","guid":{"rendered":"http:\/\/ugelchucuito.edu.pe\/portal\/?p=22372"},"modified":"2023-10-09T18:57:30","modified_gmt":"2023-10-09T23:57:30","slug":"resultados-finales-del-proceso-de-reasignacion-2023-auxiliares-de-educacion","status":"publish","type":"post","link":"https:\/\/ugelchucuito.edu.pe\/portal\/2023\/10\/05\/resultados-finales-del-proceso-de-reasignacion-2023-auxiliares-de-educacion\/","title":{"rendered":"RESULTADOS FINALES DEL PROCESO DE REASIGNACI\u00d3N 2023 (AUXILIARES DE EDUCACI\u00d3N)"},"content":{"rendered":"\n<div class=\"wp-block-file\"><a href=\"http:\/\/ugelchucuito.edu.pe\/portal\/wp-content\/uploads\/2023\/10\/FINAL-REASIG-AUX-EDUC-2023.pdf\" target=\"_blank\" rel=\"noreferrer noopener\"><strong><span class=\"has-inline-color has-vivid-cyan-blue-color\">&#8211; VER RESULTADOS FINALES<\/span><\/strong><\/a><a href=\"http:\/\/ugelchucuito.edu.pe\/portal\/wp-content\/uploads\/2023\/10\/FINAL-REASIG-AUX-EDUC-2023.pdf\" class=\"wp-block-file__button\" download>Descarga<\/a><\/div>\n\n\n\n<div class=\"wp-block-file\"><a href=\"http:\/\/ugelchucuito.edu.pe\/portal\/wp-content\/uploads\/2023\/10\/PLAZAS-AUXILIAR-DE-EDUCACION-2023-REASIG..pdf\" target=\"_blank\" rel=\"noreferrer noopener\"><strong><span class=\"has-inline-color has-vivid-red-color\">&#8211; VER REPORTE DE PLAZAS VACANTES (PDF)<\/span><\/strong><\/a><a href=\"http:\/\/ugelchucuito.edu.pe\/portal\/wp-content\/uploads\/2023\/10\/PLAZAS-AUXILIAR-DE-EDUCACION-2023-REASIG..pdf\" class=\"wp-block-file__button\" download>Descarga<\/a><\/div>\n\n\n\n<p><a href=\"https:\/\/docs.google.com\/spreadsheets\/d\/1LzxKipdrovz0UhTXTFgP6SX6nFoLGexe\/edit?usp=sharing&amp;ouid=112927408476226232655&amp;rtpof=true&amp;sd=true\" target=\"_blank\" rel=\"noreferrer noopener\"><strong><span class=\"has-inline-color has-vivid-green-cyan-color\">&#8211; VER REPORTE DE PLAZAS VACANTES (EXCEL DRIVE)<\/span><\/strong><\/a><\/p>\n\n\n\n<p><strong><span class=\"has-inline-color has-vivid-cyan-blue-color\">La adjudicaci\u00f3n se realizar\u00e1 de forma presencial en las instalaciones de la sede administrativa de la UGEL Chucuito Juli.<br>D\u00eda: Martes 10 de Octubre de 2023<br>Hora: 10:00 a. m.<\/span><\/strong><\/p>\n","protected":false},"excerpt":{"rendered":"<p>&#8211; VER REPORTE DE PLAZAS VACANTES (EXCEL DRIVE) La adjudicaci\u00f3n se realizar\u00e1 de forma presencial en las instalaciones de la sede administrativa de la UGEL Chucuito Juli.D\u00eda: Martes 10 de Octubre de 2023Hora: 10:00 a. m.<\/p>\n","protected":false},"author":3,"featured_media":0,"comment_status":"open","ping_status":"open","sticky":false,"template":"","format":"standard","meta":{"footnotes":""},"categories":[],"tags":[],"class_list":["post-22372","post","type-post","status-publish","format-standard","hentry"],"_links":{"self":[{"href":"https:\/\/ugelchucuito.edu.pe\/portal\/wp-json\/wp\/v2\/posts\/22372","targetHints":{"allow":["GET"]}}],"collection":[{"href":"https:\/\/ugelchucuito.edu.pe\/portal\/wp-json\/wp\/v2\/posts"}],"about":[{"href":"https:\/\/ugelchucuito.edu.pe\/portal\/wp-json\/wp\/v2\/types\/post"}],"author":[{"embeddable":true,"href":"https:\/\/ugelchucuito.edu.pe\/portal\/wp-json\/wp\/v2\/users\/3"}],"replies":[{"embeddable":true,"href":"https:\/\/ugelchucuito.edu.pe\/portal\/wp-json\/wp\/v2\/comments?post=22372"}],"version-history":[{"count":2,"href":"https:\/\/ugelchucuito.edu.pe\/portal\/wp-json\/wp\/v2\/posts\/22372\/revisions"}],"predecessor-version":[{"id":22398,"href":"https:\/\/ugelchucuito.edu.pe\/portal\/wp-json\/wp\/v2\/posts\/22372\/revisions\/22398"}],"wp:attachment":[{"href":"https:\/\/ugelchucuito.edu.pe\/portal\/wp-json\/wp\/v2\/media?parent=22372"}],"wp:term":[{"taxonomy":"category","embeddable":true,"href":"https:\/\/ugelchucuito.edu.pe\/portal\/wp-json\/wp\/v2\/categories?post=22372"},{"taxonomy":"post_tag","embeddable":true,"href":"https:\/\/ugelchucuito.edu.pe\/portal\/wp-json\/wp\/v2\/tags?post=22372"}],"curies":[{"name":"wp","href":"https:\/\/api.w.org\/{rel}","templated":true}]}}