{"id":22384,"date":"2023-10-06T18:28:02","date_gmt":"2023-10-06T23:28:02","guid":{"rendered":"http:\/\/ugelchucuito.edu.pe\/portal\/?p=22384"},"modified":"2023-10-06T18:28:28","modified_gmt":"2023-10-06T23:28:28","slug":"comunicado-n02-del-proceso-de-racionalizacion-del-personal-administrativo-reprogramacion-del-acto-publico-y-anexo-preliminar-del-personal-administrativo-excedente","status":"publish","type":"post","link":"https:\/\/ugelchucuito.edu.pe\/portal\/2023\/10\/06\/comunicado-n02-del-proceso-de-racionalizacion-del-personal-administrativo-reprogramacion-del-acto-publico-y-anexo-preliminar-del-personal-administrativo-excedente\/","title":{"rendered":"Comunicado N\u00b0 02 del proceso de racionalizaci\u00f3n del PERSONAL ADMINISTRATIVO, Reprogramaci\u00f3n del ACTO P\u00daBLICO y Anexo Preliminar del personal administrativo excedente."},"content":{"rendered":"\n<div class=\"wp-block-file\"><a href=\"http:\/\/ugelchucuito.edu.pe\/portal\/wp-content\/uploads\/2023\/10\/2-Comunicado-II-2023.pdf\" target=\"_blank\" rel=\"noreferrer noopener\"><strong><span class=\"has-inline-color has-vivid-cyan-blue-color\">&#8211; VER COMUNICADO II &#8211; 2023<\/span><\/strong><\/a><a href=\"http:\/\/ugelchucuito.edu.pe\/portal\/wp-content\/uploads\/2023\/10\/2-Comunicado-II-2023.pdf\" class=\"wp-block-file__button\" download>Descarga<\/a><\/div>\n\n\n\n<div class=\"wp-block-file\"><a href=\"http:\/\/ugelchucuito.edu.pe\/portal\/wp-content\/uploads\/2023\/10\/2-Reprogramacion-Acto-Publico_Personal-D.Leg_.-276.pdf\" target=\"_blank\" rel=\"noreferrer noopener\"><strong><span class=\"has-inline-color has-vivid-cyan-blue-color\">&#8211; VER Reprogramaci\u00f3n Acto P\u00fablico Personal D.Leg. 276<\/span><\/strong><\/a><a href=\"http:\/\/ugelchucuito.edu.pe\/portal\/wp-content\/uploads\/2023\/10\/2-Reprogramacion-Acto-Publico_Personal-D.Leg_.-276.pdf\" class=\"wp-block-file__button\" download>Descarga<\/a><\/div>\n\n\n\n<div class=\"wp-block-file\"><a href=\"http:\/\/ugelchucuito.edu.pe\/portal\/wp-content\/uploads\/2023\/10\/2-Publicacion-Preliminar-EXCEDENCIAS_Personal-D.Leg_.-276_UGEL-Chucuito-02-10-2023.pdf\" target=\"_blank\" rel=\"noreferrer noopener\"><strong><span class=\"has-inline-color has-vivid-cyan-blue-color\">&#8211; VER Publicaci\u00f3n Preliminar EXCEDENCIAS Personal D.Leg. 276 UGEL Chucuito (02-10-2023)<\/span><\/strong><\/a><a href=\"http:\/\/ugelchucuito.edu.pe\/portal\/wp-content\/uploads\/2023\/10\/2-Publicacion-Preliminar-EXCEDENCIAS_Personal-D.Leg_.-276_UGEL-Chucuito-02-10-2023.pdf\" class=\"wp-block-file__button\" download>Descarga<\/a><\/div>\n","protected":false},"excerpt":{"rendered":"","protected":false},"author":3,"featured_media":0,"comment_status":"open","ping_status":"open","sticky":false,"template":"","format":"standard","meta":{"footnotes":""},"categories":[],"tags":[],"class_list":["post-22384","post","type-post","status-publish","format-standard","hentry"],"_links":{"self":[{"href":"https:\/\/ugelchucuito.edu.pe\/portal\/wp-json\/wp\/v2\/posts\/22384","targetHints":{"allow":["GET"]}}],"collection":[{"href":"https:\/\/ugelchucuito.edu.pe\/portal\/wp-json\/wp\/v2\/posts"}],"about":[{"href":"https:\/\/ugelchucuito.edu.pe\/portal\/wp-json\/wp\/v2\/types\/post"}],"author":[{"embeddable":true,"href":"https:\/\/ugelchucuito.edu.pe\/portal\/wp-json\/wp\/v2\/users\/3"}],"replies":[{"embeddable":true,"href":"https:\/\/ugelchucuito.edu.pe\/portal\/wp-json\/wp\/v2\/comments?post=22384"}],"version-history":[{"count":2,"href":"https:\/\/ugelchucuito.edu.pe\/portal\/wp-json\/wp\/v2\/posts\/22384\/revisions"}],"predecessor-version":[{"id":22389,"href":"https:\/\/ugelchucuito.edu.pe\/portal\/wp-json\/wp\/v2\/posts\/22384\/revisions\/22389"}],"wp:attachment":[{"href":"https:\/\/ugelchucuito.edu.pe\/portal\/wp-json\/wp\/v2\/media?parent=22384"}],"wp:term":[{"taxonomy":"category","embeddable":true,"href":"https:\/\/ugelchucuito.edu.pe\/portal\/wp-json\/wp\/v2\/categories?post=22384"},{"taxonomy":"post_tag","embeddable":true,"href":"https:\/\/ugelchucuito.edu.pe\/portal\/wp-json\/wp\/v2\/tags?post=22384"}],"curies":[{"name":"wp","href":"https:\/\/api.w.org\/{rel}","templated":true}]}}