{"id":22443,"date":"2023-10-16T20:41:48","date_gmt":"2023-10-17T01:41:48","guid":{"rendered":"http:\/\/ugelchucuito.edu.pe\/portal\/?p=22443"},"modified":"2023-10-16T20:41:50","modified_gmt":"2023-10-17T01:41:50","slug":"ranking-con-prelacion-del-personal-administrativo-declarados-excedentes-plazas-vacantes-y-requerimientos-de-iiee-para-reubicacion-o-reasignacion-por-racionalizacion","status":"publish","type":"post","link":"https:\/\/ugelchucuito.edu.pe\/portal\/2023\/10\/16\/ranking-con-prelacion-del-personal-administrativo-declarados-excedentes-plazas-vacantes-y-requerimientos-de-iiee-para-reubicacion-o-reasignacion-por-racionalizacion\/","title":{"rendered":"RANKING CON PRELACI\u00d3N DEL PERSONAL ADMINISTRATIVO DECLARADOS EXCEDENTES. PLAZAS VACANTES Y REQUERIMIENTOS DE IIEE PARA REUBICACI\u00d3N O REASIGNACI\u00d3N POR RACIONALIZACI\u00d3N."},"content":{"rendered":"\n<div class=\"wp-block-file\"><a href=\"http:\/\/ugelchucuito.edu.pe\/portal\/wp-content\/uploads\/2023\/10\/0-RANKING-DE-PRELACION-RACIONALIZACION_ADMINISTRATIVOS.pdf\" target=\"_blank\" rel=\"noreferrer noopener\"><strong><span class=\"has-inline-color has-vivid-cyan-blue-color\">&#8211; VER RANKING Y PRELACI\u00d3N DE EXCEDENCIA<\/span><\/strong><\/a><a href=\"http:\/\/ugelchucuito.edu.pe\/portal\/wp-content\/uploads\/2023\/10\/0-RANKING-DE-PRELACION-RACIONALIZACION_ADMINISTRATIVOS.pdf\" class=\"wp-block-file__button\" download>Descarga<\/a><\/div>\n\n\n\n<div class=\"wp-block-file\"><a href=\"http:\/\/ugelchucuito.edu.pe\/portal\/wp-content\/uploads\/2023\/10\/0-PLAZAS-VACANTES-PROCESO-RACIONALIZACION_ADMINISTRATIVOS.pdf\" target=\"_blank\" rel=\"noreferrer noopener\"><strong><span class=\"has-inline-color has-vivid-cyan-blue-color\">&#8211; VER REPORTE DE PLAZAS VACANTES<\/span><\/strong><\/a><a href=\"http:\/\/ugelchucuito.edu.pe\/portal\/wp-content\/uploads\/2023\/10\/0-PLAZAS-VACANTES-PROCESO-RACIONALIZACION_ADMINISTRATIVOS.pdf\" class=\"wp-block-file__button\" download>Descarga<\/a><\/div>\n\n\n\n<div class=\"wp-block-file\"><a href=\"http:\/\/ugelchucuito.edu.pe\/portal\/wp-content\/uploads\/2023\/10\/0-REQUERIMIENTO-PLAZAS_AdministrativoS-16-10-2023.pdf\" target=\"_blank\" rel=\"noreferrer noopener\"><strong><span class=\"has-inline-color has-vivid-cyan-blue-color\">&#8211; VER REPORTE DE INSTITUCIONES EDUCATIVAS CON REQUERIMIENTO<\/span><\/strong><\/a><a href=\"http:\/\/ugelchucuito.edu.pe\/portal\/wp-content\/uploads\/2023\/10\/0-REQUERIMIENTO-PLAZAS_AdministrativoS-16-10-2023.pdf\" class=\"wp-block-file__button\" download>Descarga<\/a><\/div>\n\n\n\n<p><strong><span class=\"has-inline-color has-vivid-red-color\">El acto p\u00fablico de adjudicaci\u00f3n de plazas conforme a la reprogramaci\u00f3n, se realizar\u00e1 de forma presencial en las instalaciones de la sede administrativa de la UGEL Chucuito Juli.<br>D\u00eda: Martes 17 de Octubre de 2023.<br>Hora: 2:30 p. m.<\/span><\/strong><\/p>\n","protected":false},"excerpt":{"rendered":"<p>El acto p\u00fablico de adjudicaci\u00f3n de plazas conforme a la reprogramaci\u00f3n, se realizar\u00e1 de forma presencial en las instalaciones de la sede administrativa de la UGEL Chucuito Juli.D\u00eda: Martes 17 de Octubre de 2023.Hora: 2:30 p. m.<\/p>\n","protected":false},"author":3,"featured_media":0,"comment_status":"open","ping_status":"open","sticky":false,"template":"","format":"standard","meta":{"footnotes":""},"categories":[],"tags":[],"class_list":["post-22443","post","type-post","status-publish","format-standard","hentry"],"_links":{"self":[{"href":"https:\/\/ugelchucuito.edu.pe\/portal\/wp-json\/wp\/v2\/posts\/22443","targetHints":{"allow":["GET"]}}],"collection":[{"href":"https:\/\/ugelchucuito.edu.pe\/portal\/wp-json\/wp\/v2\/posts"}],"about":[{"href":"https:\/\/ugelchucuito.edu.pe\/portal\/wp-json\/wp\/v2\/types\/post"}],"author":[{"embeddable":true,"href":"https:\/\/ugelchucuito.edu.pe\/portal\/wp-json\/wp\/v2\/users\/3"}],"replies":[{"embeddable":true,"href":"https:\/\/ugelchucuito.edu.pe\/portal\/wp-json\/wp\/v2\/comments?post=22443"}],"version-history":[{"count":1,"href":"https:\/\/ugelchucuito.edu.pe\/portal\/wp-json\/wp\/v2\/posts\/22443\/revisions"}],"predecessor-version":[{"id":22447,"href":"https:\/\/ugelchucuito.edu.pe\/portal\/wp-json\/wp\/v2\/posts\/22443\/revisions\/22447"}],"wp:attachment":[{"href":"https:\/\/ugelchucuito.edu.pe\/portal\/wp-json\/wp\/v2\/media?parent=22443"}],"wp:term":[{"taxonomy":"category","embeddable":true,"href":"https:\/\/ugelchucuito.edu.pe\/portal\/wp-json\/wp\/v2\/categories?post=22443"},{"taxonomy":"post_tag","embeddable":true,"href":"https:\/\/ugelchucuito.edu.pe\/portal\/wp-json\/wp\/v2\/tags?post=22443"}],"curies":[{"name":"wp","href":"https:\/\/api.w.org\/{rel}","templated":true}]}}