{"id":22590,"date":"2023-11-13T11:25:05","date_gmt":"2023-11-13T16:25:05","guid":{"rendered":"http:\/\/ugelchucuito.edu.pe\/portal\/?p=22590"},"modified":"2023-11-15T11:09:55","modified_gmt":"2023-11-15T16:09:55","slug":"proceso-de-encargatura-de-profesores-en-areas-de-desempeno-laboral-de-la-ley-de-reforma-magisterial-2023-para-el-ano-2024","status":"publish","type":"post","link":"https:\/\/ugelchucuito.edu.pe\/portal\/2023\/11\/13\/proceso-de-encargatura-de-profesores-en-areas-de-desempeno-laboral-de-la-ley-de-reforma-magisterial-2023-para-el-ano-2024\/","title":{"rendered":"PROCESO DE ENCARGATURA DE PROFESORES EN \u00c1REAS DE DESEMPE\u00d1O LABORAL DE LA LEY DE REFORMA MAGISTERIAL 2023 PARA EL A\u00d1O 2024"},"content":{"rendered":"\n<div class=\"wp-block-file\"><a href=\"http:\/\/ugelchucuito.edu.pe\/portal\/wp-content\/uploads\/2023\/11\/RVM-147-2023-MINEDU_ANEXO_NT-Encargatura-2024.pdf\" target=\"_blank\" rel=\"noreferrer noopener\"><strong><span class=\"has-inline-color has-vivid-cyan-blue-color\">&#8211; VER NORMA T\u00c9CNICA &#8211; RVM N\u00b0 147-2023-MINEDU<\/span><\/strong><\/a><a href=\"http:\/\/ugelchucuito.edu.pe\/portal\/wp-content\/uploads\/2023\/11\/RVM-147-2023-MINEDU_ANEXO_NT-Encargatura-2024.pdf\" class=\"wp-block-file__button\" download>Descarga<\/a><\/div>\n\n\n\n<div class=\"wp-block-file\"><a href=\"http:\/\/ugelchucuito.edu.pe\/portal\/wp-content\/uploads\/2023\/11\/OFICIO_MULTIPLE-00155-2023-MINEDU-VMGP-DIGEDD-2-1.pdf\" target=\"_blank\" rel=\"noreferrer noopener\"><strong><span class=\"has-inline-color has-vivid-cyan-blue-color\">&#8211; VER PRECISIONES &#8211; OF. MULT. N\u00b0 00155-2023-MINEDU\/VMGP-DIGEDD<\/span><\/strong><\/a><a href=\"http:\/\/ugelchucuito.edu.pe\/portal\/wp-content\/uploads\/2023\/11\/OFICIO_MULTIPLE-00155-2023-MINEDU-VMGP-DIGEDD-2-1.pdf\" class=\"wp-block-file__button\" download>Descarga<\/a><\/div>\n\n\n\n<div class=\"wp-block-file\"><a href=\"http:\/\/ugelchucuito.edu.pe\/portal\/wp-content\/uploads\/2023\/11\/CRONOGRAMA-REGIONAL.pdf\" target=\"_blank\" rel=\"noreferrer noopener\"><strong><span class=\"has-inline-color has-vivid-cyan-blue-color\">&#8211; VER CRONOGRAMA REGIONAL<\/span><\/strong><\/a><a href=\"http:\/\/ugelchucuito.edu.pe\/portal\/wp-content\/uploads\/2023\/11\/CRONOGRAMA-REGIONAL.pdf\" class=\"wp-block-file__button\" download>Descarga<\/a><\/div>\n\n\n\n<div class=\"wp-block-file\"><a href=\"http:\/\/ugelchucuito.edu.pe\/portal\/wp-content\/uploads\/2023\/11\/REPORTE-DE-PLAZAS-VACANTES-RVM-147-2023-MINEDU.pdf\" target=\"_blank\" rel=\"noreferrer noopener\"><strong><span class=\"has-inline-color has-vivid-green-cyan-color\">&#8211; VER REPORTE DE PLAZAS VACANTES<\/span><\/strong><\/a><a href=\"http:\/\/ugelchucuito.edu.pe\/portal\/wp-content\/uploads\/2023\/11\/REPORTE-DE-PLAZAS-VACANTES-RVM-147-2023-MINEDU.pdf\" class=\"wp-block-file__button\" download>Descarga<\/a><\/div>\n\n\n\n<div class=\"wp-block-file\"><a href=\"http:\/\/ugelchucuito.edu.pe\/portal\/wp-content\/uploads\/2023\/11\/FE-DE-ERRATA_REPORTE-DE-PLAZAS-VACANTES-RVM-147-2023-MINEDU.pdf\" target=\"_blank\" rel=\"noreferrer noopener\"><strong><span class=\"has-inline-color has-vivid-green-cyan-color\">&#8211; VER FE DE ERRATA DEL REPORTE DE PLAZA VACANTE (JER\u00c1RQUICO)<\/span><\/strong><\/a><a href=\"http:\/\/ugelchucuito.edu.pe\/portal\/wp-content\/uploads\/2023\/11\/FE-DE-ERRATA_REPORTE-DE-PLAZAS-VACANTES-RVM-147-2023-MINEDU.pdf\" class=\"wp-block-file__button\" download>Descarga<\/a><\/div>\n\n\n\n<div class=\"wp-block-file\"><a href=\"http:\/\/ugelchucuito.edu.pe\/portal\/wp-content\/uploads\/2023\/11\/ANEXO-2_-DJ.pdf\" target=\"_blank\" rel=\"noreferrer noopener\"><strong><span class=\"has-inline-color has-vivid-red-color\">&#8211; VER ANEXO 2 &#8211; DECLARACI\u00d3N JURADA PARA ENCARGATURA<\/span><\/strong><\/a><a href=\"http:\/\/ugelchucuito.edu.pe\/portal\/wp-content\/uploads\/2023\/11\/ANEXO-2_-DJ.pdf\" class=\"wp-block-file__button\" download>Descarga<\/a><\/div>\n","protected":false},"excerpt":{"rendered":"","protected":false},"author":3,"featured_media":0,"comment_status":"open","ping_status":"open","sticky":false,"template":"","format":"standard","meta":{"footnotes":""},"categories":[],"tags":[],"class_list":["post-22590","post","type-post","status-publish","format-standard","hentry"],"_links":{"self":[{"href":"https:\/\/ugelchucuito.edu.pe\/portal\/wp-json\/wp\/v2\/posts\/22590","targetHints":{"allow":["GET"]}}],"collection":[{"href":"https:\/\/ugelchucuito.edu.pe\/portal\/wp-json\/wp\/v2\/posts"}],"about":[{"href":"https:\/\/ugelchucuito.edu.pe\/portal\/wp-json\/wp\/v2\/types\/post"}],"author":[{"embeddable":true,"href":"https:\/\/ugelchucuito.edu.pe\/portal\/wp-json\/wp\/v2\/users\/3"}],"replies":[{"embeddable":true,"href":"https:\/\/ugelchucuito.edu.pe\/portal\/wp-json\/wp\/v2\/comments?post=22590"}],"version-history":[{"count":3,"href":"https:\/\/ugelchucuito.edu.pe\/portal\/wp-json\/wp\/v2\/posts\/22590\/revisions"}],"predecessor-version":[{"id":22609,"href":"https:\/\/ugelchucuito.edu.pe\/portal\/wp-json\/wp\/v2\/posts\/22590\/revisions\/22609"}],"wp:attachment":[{"href":"https:\/\/ugelchucuito.edu.pe\/portal\/wp-json\/wp\/v2\/media?parent=22590"}],"wp:term":[{"taxonomy":"category","embeddable":true,"href":"https:\/\/ugelchucuito.edu.pe\/portal\/wp-json\/wp\/v2\/categories?post=22590"},{"taxonomy":"post_tag","embeddable":true,"href":"https:\/\/ugelchucuito.edu.pe\/portal\/wp-json\/wp\/v2\/tags?post=22590"}],"curies":[{"name":"wp","href":"https:\/\/api.w.org\/{rel}","templated":true}]}}