{"id":2260,"date":"2018-04-03T09:51:55","date_gmt":"2018-04-03T14:51:55","guid":{"rendered":"http:\/\/ugelchucuito.edu.pe\/portal\/?p=2260"},"modified":"2018-04-03T09:52:26","modified_gmt":"2018-04-03T14:52:26","slug":"ampliacion-de-inscripcion-evaluacion-lenguas-originarias-05-de-abril","status":"publish","type":"post","link":"https:\/\/ugelchucuito.edu.pe\/portal\/2018\/04\/03\/ampliacion-de-inscripcion-evaluacion-lenguas-originarias-05-de-abril\/","title":{"rendered":"AMPLIACI\u00d3N DE INSCRIPCI\u00d3N EVALUACI\u00d3N LENGUAS ORIGINARIAS (05 de abril)"},"content":{"rendered":"<p>Se comunica a los docentes de la jurisdicci\u00f3n de la UGEL Chucuito Juli, que las inscripciones para la \u00a0evaluaci\u00f3n oral y escrito en la Lengua Originaria Aimara para la actualizaci\u00f3n del Registro Nacional de Docentes Biling\u00fces, <strong><span style=\"color: #ff0000;\">se ampli\u00f3 hasta el d\u00eda jueves 05 de abril 2018<\/span><\/strong>. Pueden \u00a0participar promotoras de PRONOEI, Estudiantes de \u00faltimos ciclos o egresados de Pedagog\u00eda (IESP, IEST, CETPRO o Universidades), docentes que se hayan evaluado en procesos anteriores 2012, 2013,2014, 2015. La vigencia del registro es solo por 3 a\u00f1os y docentes que estando en el RNDBLO de los a\u00f1os 2016, 2017, desean mejorar su nivel de dominio de lengua originaria. Otros profesionales que necesitan constancia de dominio de lengua originaria para los distintos procesos del MINEDU. Para lo cual los interesados deber\u00e1n inscribirse en la p\u00e1gina web de la DIGEIBIRA y\/o de la UGEL Chucuito.<\/p>\n<p>La evaluaci\u00f3n oral y escrita ser\u00e1 en el mes de mayo del 14 al 26.<\/p>\n<p>Atentamente,<\/p>\n<p>Especialista de EIB<\/p>\n","protected":false},"excerpt":{"rendered":"<p>Se comunica a los docentes de la jurisdicci\u00f3n de la UGEL Chucuito Juli, que las inscripciones para la \u00a0evaluaci\u00f3n oral y escrito en la Lengua Originaria Aimara para la actualizaci\u00f3n del Registro Nacional de Docentes Biling\u00fces, se ampli\u00f3 hasta el d\u00eda jueves 05 de abril 2018. Pueden \u00a0participar promotoras de PRONOEI, Estudiantes de \u00faltimos ciclos [&hellip;]<\/p>\n","protected":false},"author":1,"featured_media":0,"comment_status":"open","ping_status":"open","sticky":false,"template":"","format":"standard","meta":{"footnotes":""},"categories":[],"tags":[],"class_list":["post-2260","post","type-post","status-publish","format-standard","hentry"],"_links":{"self":[{"href":"https:\/\/ugelchucuito.edu.pe\/portal\/wp-json\/wp\/v2\/posts\/2260","targetHints":{"allow":["GET"]}}],"collection":[{"href":"https:\/\/ugelchucuito.edu.pe\/portal\/wp-json\/wp\/v2\/posts"}],"about":[{"href":"https:\/\/ugelchucuito.edu.pe\/portal\/wp-json\/wp\/v2\/types\/post"}],"author":[{"embeddable":true,"href":"https:\/\/ugelchucuito.edu.pe\/portal\/wp-json\/wp\/v2\/users\/1"}],"replies":[{"embeddable":true,"href":"https:\/\/ugelchucuito.edu.pe\/portal\/wp-json\/wp\/v2\/comments?post=2260"}],"version-history":[{"count":2,"href":"https:\/\/ugelchucuito.edu.pe\/portal\/wp-json\/wp\/v2\/posts\/2260\/revisions"}],"predecessor-version":[{"id":2262,"href":"https:\/\/ugelchucuito.edu.pe\/portal\/wp-json\/wp\/v2\/posts\/2260\/revisions\/2262"}],"wp:attachment":[{"href":"https:\/\/ugelchucuito.edu.pe\/portal\/wp-json\/wp\/v2\/media?parent=2260"}],"wp:term":[{"taxonomy":"category","embeddable":true,"href":"https:\/\/ugelchucuito.edu.pe\/portal\/wp-json\/wp\/v2\/categories?post=2260"},{"taxonomy":"post_tag","embeddable":true,"href":"https:\/\/ugelchucuito.edu.pe\/portal\/wp-json\/wp\/v2\/tags?post=2260"}],"curies":[{"name":"wp","href":"https:\/\/api.w.org\/{rel}","templated":true}]}}