{"id":22604,"date":"2023-11-14T18:21:09","date_gmt":"2023-11-14T23:21:09","guid":{"rendered":"http:\/\/ugelchucuito.edu.pe\/portal\/?p=22604"},"modified":"2023-11-14T18:21:11","modified_gmt":"2023-11-14T23:21:11","slug":"martes-14-de-noviembre","status":"publish","type":"post","link":"https:\/\/ugelchucuito.edu.pe\/portal\/2023\/11\/14\/martes-14-de-noviembre\/","title":{"rendered":"Martes 14 de noviembre"},"content":{"rendered":"\n<p>Amigos, este martes 14 de noviembre tendremos unas sesiones de reforzamiento complementarias al Ciclo Formativo de ACTUALIZACI\u00d3N para Profesores de Matem\u00e1tica en la UGEL Chucuito, el mismo que ser\u00e1 desarrollado por cortes\u00eda de nuestro amigo Jos\u00e9 A. \u00c1valos Reyes, estaremos resolviendo casos pr\u00e1cticos de habilidades pedag\u00f3gicas y desarrollo de competencias en el \u00e1rea de matem\u00e1tica.<\/p>\n\n\n\n<p>D\u00eda:\u00a0<strong>martes 14 de noviembre<\/strong>.<\/p>\n\n\n\n<p>Hora:\u00a0<strong>de 8:00 pm a 10:00 pm<\/strong><\/p>\n\n\n\n<p>Enlace de invitaci\u00f3n: https:\/\/us06web.zoom.us\/j\/82894058623?pwd=3KaWWd1TsQk5wnJZtQCUS3533gVXNb.1<\/p>\n","protected":false},"excerpt":{"rendered":"<p>Amigos, este martes 14 de noviembre tendremos unas sesiones de reforzamiento complementarias al Ciclo Formativo de ACTUALIZACI\u00d3N para Profesores de Matem\u00e1tica en la UGEL Chucuito, el mismo que ser\u00e1 desarrollado por cortes\u00eda de nuestro amigo Jos\u00e9 A. \u00c1valos Reyes, estaremos resolviendo casos pr\u00e1cticos de habilidades pedag\u00f3gicas y desarrollo de competencias en el \u00e1rea de matem\u00e1tica. [&hellip;]<\/p>\n","protected":false},"author":2,"featured_media":0,"comment_status":"open","ping_status":"open","sticky":false,"template":"","format":"standard","meta":{"footnotes":""},"categories":[],"tags":[],"class_list":["post-22604","post","type-post","status-publish","format-standard","hentry"],"_links":{"self":[{"href":"https:\/\/ugelchucuito.edu.pe\/portal\/wp-json\/wp\/v2\/posts\/22604","targetHints":{"allow":["GET"]}}],"collection":[{"href":"https:\/\/ugelchucuito.edu.pe\/portal\/wp-json\/wp\/v2\/posts"}],"about":[{"href":"https:\/\/ugelchucuito.edu.pe\/portal\/wp-json\/wp\/v2\/types\/post"}],"author":[{"embeddable":true,"href":"https:\/\/ugelchucuito.edu.pe\/portal\/wp-json\/wp\/v2\/users\/2"}],"replies":[{"embeddable":true,"href":"https:\/\/ugelchucuito.edu.pe\/portal\/wp-json\/wp\/v2\/comments?post=22604"}],"version-history":[{"count":1,"href":"https:\/\/ugelchucuito.edu.pe\/portal\/wp-json\/wp\/v2\/posts\/22604\/revisions"}],"predecessor-version":[{"id":22605,"href":"https:\/\/ugelchucuito.edu.pe\/portal\/wp-json\/wp\/v2\/posts\/22604\/revisions\/22605"}],"wp:attachment":[{"href":"https:\/\/ugelchucuito.edu.pe\/portal\/wp-json\/wp\/v2\/media?parent=22604"}],"wp:term":[{"taxonomy":"category","embeddable":true,"href":"https:\/\/ugelchucuito.edu.pe\/portal\/wp-json\/wp\/v2\/categories?post=22604"},{"taxonomy":"post_tag","embeddable":true,"href":"https:\/\/ugelchucuito.edu.pe\/portal\/wp-json\/wp\/v2\/tags?post=22604"}],"curies":[{"name":"wp","href":"https:\/\/api.w.org\/{rel}","templated":true}]}}