{"id":22626,"date":"2023-11-15T21:15:00","date_gmt":"2023-11-16T02:15:00","guid":{"rendered":"http:\/\/ugelchucuito.edu.pe\/portal\/?p=22626"},"modified":"2023-11-16T09:15:21","modified_gmt":"2023-11-16T14:15:21","slug":"fe-de-errata-reporte-de-plaza-vacante-proceso-de-encargatura-de-profesores-en-areas-de-desempeno-laboral-de-la-ley-de-reforma-magisterial-2023-para-el-ano-2024","status":"publish","type":"post","link":"https:\/\/ugelchucuito.edu.pe\/portal\/2023\/11\/15\/fe-de-errata-reporte-de-plaza-vacante-proceso-de-encargatura-de-profesores-en-areas-de-desempeno-laboral-de-la-ley-de-reforma-magisterial-2023-para-el-ano-2024\/","title":{"rendered":"FE DE ERRATA: REPORTE DE PLAZA VACANTE. PROCESO DE ENCARGATURA DE PROFESORES EN \u00c1REAS DE DESEMPE\u00d1O LABORAL DE LA LEY DE REFORMA MAGISTERIAL 2023 PARA EL A\u00d1O 2024"},"content":{"rendered":"\n<div class=\"wp-block-file\"><a href=\"http:\/\/ugelchucuito.edu.pe\/portal\/wp-content\/uploads\/2023\/11\/FE-DE-ERRATA_REPORTE-DE-PLAZAS-VACANTES-RVM-147-2023-MINEDU.pdf\" target=\"_blank\" rel=\"noreferrer noopener\"><strong><span class=\"has-inline-color has-vivid-green-cyan-color\">&#8211; VER FE DE ERRATA DEL REPORTE DE PLAZA VACANTE (JER\u00c1RQUICO)<\/span><\/strong><\/a><a href=\"http:\/\/ugelchucuito.edu.pe\/portal\/wp-content\/uploads\/2023\/11\/FE-DE-ERRATA_REPORTE-DE-PLAZAS-VACANTES-RVM-147-2023-MINEDU.pdf\" class=\"wp-block-file__button\" download>Descarga<\/a><\/div>\n","protected":false},"excerpt":{"rendered":"","protected":false},"author":3,"featured_media":0,"comment_status":"open","ping_status":"open","sticky":false,"template":"","format":"standard","meta":{"footnotes":""},"categories":[],"tags":[],"class_list":["post-22626","post","type-post","status-publish","format-standard","hentry"],"_links":{"self":[{"href":"https:\/\/ugelchucuito.edu.pe\/portal\/wp-json\/wp\/v2\/posts\/22626","targetHints":{"allow":["GET"]}}],"collection":[{"href":"https:\/\/ugelchucuito.edu.pe\/portal\/wp-json\/wp\/v2\/posts"}],"about":[{"href":"https:\/\/ugelchucuito.edu.pe\/portal\/wp-json\/wp\/v2\/types\/post"}],"author":[{"embeddable":true,"href":"https:\/\/ugelchucuito.edu.pe\/portal\/wp-json\/wp\/v2\/users\/3"}],"replies":[{"embeddable":true,"href":"https:\/\/ugelchucuito.edu.pe\/portal\/wp-json\/wp\/v2\/comments?post=22626"}],"version-history":[{"count":1,"href":"https:\/\/ugelchucuito.edu.pe\/portal\/wp-json\/wp\/v2\/posts\/22626\/revisions"}],"predecessor-version":[{"id":22627,"href":"https:\/\/ugelchucuito.edu.pe\/portal\/wp-json\/wp\/v2\/posts\/22626\/revisions\/22627"}],"wp:attachment":[{"href":"https:\/\/ugelchucuito.edu.pe\/portal\/wp-json\/wp\/v2\/media?parent=22626"}],"wp:term":[{"taxonomy":"category","embeddable":true,"href":"https:\/\/ugelchucuito.edu.pe\/portal\/wp-json\/wp\/v2\/categories?post=22626"},{"taxonomy":"post_tag","embeddable":true,"href":"https:\/\/ugelchucuito.edu.pe\/portal\/wp-json\/wp\/v2\/tags?post=22626"}],"curies":[{"name":"wp","href":"https:\/\/api.w.org\/{rel}","templated":true}]}}