{"id":22640,"date":"2023-11-19T22:58:55","date_gmt":"2023-11-20T03:58:55","guid":{"rendered":"http:\/\/ugelchucuito.edu.pe\/portal\/?p=22640"},"modified":"2023-12-04T17:32:52","modified_gmt":"2023-12-04T22:32:52","slug":"ciclo-formativo-para-profesores-de-matematica-formando-maestros-innovadores-al-2025","status":"publish","type":"post","link":"https:\/\/ugelchucuito.edu.pe\/portal\/2023\/11\/19\/ciclo-formativo-para-profesores-de-matematica-formando-maestros-innovadores-al-2025\/","title":{"rendered":"Ciclo formativo para Directivos y Profesores de Matem\u00e1tica \u00abFormando Maestros Innovadores al 2025\u00bb"},"content":{"rendered":"\n<p>Se invita a todos los Directivos y Profesores al Ciclo formativo para profesores de Matem\u00e1tica \u00abFormando Maestros Innovadores al 2025\u00bb esta vez se incidir\u00e1 en la siguiente tem\u00e1tica:<\/p>\n\n\n\n<p><strong>Tema 1:<\/strong> Enfoque y estrategias para el desarrollo de las competencias matem\u00e1ticas. (D\u00eda martes 21 de noviembre a de 5:00 pm a 7:00 pm)<\/p>\n\n\n\n<p><strong>Tema 2:<\/strong> Estrategias para resolver problemas seg\u00fan las competencias matem\u00e1ticas. (D\u00eda mi\u00e9rcoles 22 de noviembre a de 5:00 pm a 7:00 pm)<\/p>\n\n\n\n<p><strong>Tema 3:<\/strong> Uso pedag\u00f3gico de las fichas de matem\u00e1tica dotadas por el Minedu. (D\u00eda mi\u00e9rcoles 29 de noviembre a de 6:30 pm a 8:30 pm)<\/p>\n\n\n\n<p> <strong>Tema 4.<\/strong> Desarrollo del pensamiento cr\u00edtico y creativo. (D\u00eda viernes 1 de diciembre a de 6:30 pm a 8:30 pm)<\/p>\n\n\n\n<p>Curso tendiente a las acciones de capacitaci\u00f3n de la UGEL Chucuito en el a\u00f1o 2024, por lo que esperamos su asistencia.<\/p>\n\n\n\n<p>UGEL CHUCUITO le est\u00e1 invitando a una reuni\u00f3n de Zoom programada.<\/p>\n\n\n\n<p>Tema: Ciclo formativo &#8211; profesores de matem\u00e1tica 2023<br>Fecha y hora: Martes 5 de diciembre de 2023 a partir de las <\/p>\n\n\n\n<p>Entrar Zoom Reuni\u00f3n<br><a href=\"https:\/\/us06web.zoom.us\/j\/89647649238?pwd=CknRaLHVyGCQa5U6K8FGOrN51P8h3I.1\">https:\/\/us06web.zoom.us\/j\/89647649238?pwd=CknRaLHVyGCQa5U6K8FGOrN51P8h3I.1<\/a><\/p>\n\n\n\n<p>ID de reuni\u00f3n: 828 6643 7652<br>C\u00f3digo de acceso: 741014<\/p>\n","protected":false},"excerpt":{"rendered":"<p>Se invita a todos los Directivos y Profesores al Ciclo formativo para profesores de Matem\u00e1tica \u00abFormando Maestros Innovadores al 2025\u00bb esta vez se incidir\u00e1 en la siguiente tem\u00e1tica: Tema 1: Enfoque y estrategias para el desarrollo de las competencias matem\u00e1ticas. (D\u00eda martes 21 de noviembre a de 5:00 pm a 7:00 pm) Tema 2: Estrategias [&hellip;]<\/p>\n","protected":false},"author":2,"featured_media":0,"comment_status":"open","ping_status":"open","sticky":false,"template":"","format":"standard","meta":{"footnotes":""},"categories":[],"tags":[],"class_list":["post-22640","post","type-post","status-publish","format-standard","hentry"],"_links":{"self":[{"href":"https:\/\/ugelchucuito.edu.pe\/portal\/wp-json\/wp\/v2\/posts\/22640","targetHints":{"allow":["GET"]}}],"collection":[{"href":"https:\/\/ugelchucuito.edu.pe\/portal\/wp-json\/wp\/v2\/posts"}],"about":[{"href":"https:\/\/ugelchucuito.edu.pe\/portal\/wp-json\/wp\/v2\/types\/post"}],"author":[{"embeddable":true,"href":"https:\/\/ugelchucuito.edu.pe\/portal\/wp-json\/wp\/v2\/users\/2"}],"replies":[{"embeddable":true,"href":"https:\/\/ugelchucuito.edu.pe\/portal\/wp-json\/wp\/v2\/comments?post=22640"}],"version-history":[{"count":9,"href":"https:\/\/ugelchucuito.edu.pe\/portal\/wp-json\/wp\/v2\/posts\/22640\/revisions"}],"predecessor-version":[{"id":22739,"href":"https:\/\/ugelchucuito.edu.pe\/portal\/wp-json\/wp\/v2\/posts\/22640\/revisions\/22739"}],"wp:attachment":[{"href":"https:\/\/ugelchucuito.edu.pe\/portal\/wp-json\/wp\/v2\/media?parent=22640"}],"wp:term":[{"taxonomy":"category","embeddable":true,"href":"https:\/\/ugelchucuito.edu.pe\/portal\/wp-json\/wp\/v2\/categories?post=22640"},{"taxonomy":"post_tag","embeddable":true,"href":"https:\/\/ugelchucuito.edu.pe\/portal\/wp-json\/wp\/v2\/tags?post=22640"}],"curies":[{"name":"wp","href":"https:\/\/api.w.org\/{rel}","templated":true}]}}