{"id":22654,"date":"2023-11-22T15:01:31","date_gmt":"2023-11-22T20:01:31","guid":{"rendered":"http:\/\/ugelchucuito.edu.pe\/portal\/?p=22654"},"modified":"2023-11-22T15:01:33","modified_gmt":"2023-11-22T20:01:33","slug":"publicacion-de-no-aptos-proceso-de-encargatura-de-profesores-en-areas-de-desempeno-laboral-de-la-ley-de-reforma-magisterial-2023-para-el-ano-2024","status":"publish","type":"post","link":"https:\/\/ugelchucuito.edu.pe\/portal\/2023\/11\/22\/publicacion-de-no-aptos-proceso-de-encargatura-de-profesores-en-areas-de-desempeno-laboral-de-la-ley-de-reforma-magisterial-2023-para-el-ano-2024\/","title":{"rendered":"PUBLICACI\u00d3N DE NO APTOS \u2013 PROCESO DE ENCARGATURA DE PROFESORES EN \u00c1REAS DE DESEMPE\u00d1O LABORAL DE LA LEY DE REFORMA MAGISTERIAL 2023 PARA EL A\u00d1O 2024"},"content":{"rendered":"\n<div class=\"wp-block-file\"><a href=\"http:\/\/ugelchucuito.edu.pe\/portal\/wp-content\/uploads\/2023\/11\/ENCARG_PROF_AREAS_DESEMPENO_2023-NO_APTOS.pdf\" target=\"_blank\" rel=\"noreferrer noopener\"><strong><span class=\"has-inline-color has-vivid-cyan-blue-color\">&#8211; VER PUBLICACI\u00d3N DE NO APTOS<\/span><\/strong><\/a><a href=\"http:\/\/ugelchucuito.edu.pe\/portal\/wp-content\/uploads\/2023\/11\/ENCARG_PROF_AREAS_DESEMPENO_2023-NO_APTOS.pdf\" class=\"wp-block-file__button\" download>Descarga<\/a><\/div>\n","protected":false},"excerpt":{"rendered":"","protected":false},"author":3,"featured_media":0,"comment_status":"open","ping_status":"open","sticky":false,"template":"","format":"standard","meta":{"footnotes":""},"categories":[],"tags":[],"class_list":["post-22654","post","type-post","status-publish","format-standard","hentry"],"_links":{"self":[{"href":"https:\/\/ugelchucuito.edu.pe\/portal\/wp-json\/wp\/v2\/posts\/22654","targetHints":{"allow":["GET"]}}],"collection":[{"href":"https:\/\/ugelchucuito.edu.pe\/portal\/wp-json\/wp\/v2\/posts"}],"about":[{"href":"https:\/\/ugelchucuito.edu.pe\/portal\/wp-json\/wp\/v2\/types\/post"}],"author":[{"embeddable":true,"href":"https:\/\/ugelchucuito.edu.pe\/portal\/wp-json\/wp\/v2\/users\/3"}],"replies":[{"embeddable":true,"href":"https:\/\/ugelchucuito.edu.pe\/portal\/wp-json\/wp\/v2\/comments?post=22654"}],"version-history":[{"count":1,"href":"https:\/\/ugelchucuito.edu.pe\/portal\/wp-json\/wp\/v2\/posts\/22654\/revisions"}],"predecessor-version":[{"id":22656,"href":"https:\/\/ugelchucuito.edu.pe\/portal\/wp-json\/wp\/v2\/posts\/22654\/revisions\/22656"}],"wp:attachment":[{"href":"https:\/\/ugelchucuito.edu.pe\/portal\/wp-json\/wp\/v2\/media?parent=22654"}],"wp:term":[{"taxonomy":"category","embeddable":true,"href":"https:\/\/ugelchucuito.edu.pe\/portal\/wp-json\/wp\/v2\/categories?post=22654"},{"taxonomy":"post_tag","embeddable":true,"href":"https:\/\/ugelchucuito.edu.pe\/portal\/wp-json\/wp\/v2\/tags?post=22654"}],"curies":[{"name":"wp","href":"https:\/\/api.w.org\/{rel}","templated":true}]}}