{"id":22674,"date":"2023-11-29T14:06:30","date_gmt":"2023-11-29T19:06:30","guid":{"rendered":"http:\/\/ugelchucuito.edu.pe\/portal\/?p=22674"},"modified":"2023-11-29T14:06:32","modified_gmt":"2023-11-29T19:06:32","slug":"viernes-1-de-diciembre-reunion-de-directores-de-instituciones-educativas-secundarias","status":"publish","type":"post","link":"https:\/\/ugelchucuito.edu.pe\/portal\/2023\/11\/29\/viernes-1-de-diciembre-reunion-de-directores-de-instituciones-educativas-secundarias\/","title":{"rendered":"Viernes 1 de diciembre: Reuni\u00f3n de Directores de Instituciones Educativas Secundarias"},"content":{"rendered":"\n<p>Se convoca a los Directores de las Instituciones Educativas Secundarias a una reuni\u00f3n de coordinaci\u00f3n sobre los siguientes aspectos:<\/p>\n\n\n\n<p>1.- Orientaciones generales para el bloque de cierre de la Semana de Gesti\u00f3n.<\/p>\n\n\n\n<p>2.- Evaluaci\u00f3n local de logros de aprendizaje (ELLA).<\/p>\n\n\n\n<p>3.- Cuadro de distribuci\u00f3n de horas 2024.<\/p>\n\n\n\n<p>4.- Evaluaci\u00f3n de los aprendizajes seg\u00fan al RVM N\u00b0 094-2020-MINEDU.<\/p>\n\n\n\n<p>5.- Acciones 2024.<\/p>\n\n\n\n<p>El mismo que se desarrollar\u00e1 el viernes 1 de diciembre a partir de las 8:30 am en la IES Tel\u00e9sforo Catacora.<\/p>\n\n\n\n<div class=\"wp-block-file\"><a href=\"https:\/\/ugelchucuito.edu.pe\/portal\/wp-content\/uploads\/2023\/11\/Oficio-de-convocatoria-viernes-1-de-diciembre-2023.pdf\">Oficio-de-convocatoria-viernes-1-de-diciembre-2023<\/a><a href=\"https:\/\/ugelchucuito.edu.pe\/portal\/wp-content\/uploads\/2023\/11\/Oficio-de-convocatoria-viernes-1-de-diciembre-2023.pdf\" class=\"wp-block-file__button\" download>Descarga<\/a><\/div>\n","protected":false},"excerpt":{"rendered":"<p>Se convoca a los Directores de las Instituciones Educativas Secundarias a una reuni\u00f3n de coordinaci\u00f3n sobre los siguientes aspectos: 1.- Orientaciones generales para el bloque de cierre de la Semana de Gesti\u00f3n. 2.- Evaluaci\u00f3n local de logros de aprendizaje (ELLA). 3.- Cuadro de distribuci\u00f3n de horas 2024. 4.- Evaluaci\u00f3n de los aprendizajes seg\u00fan al RVM [&hellip;]<\/p>\n","protected":false},"author":2,"featured_media":0,"comment_status":"open","ping_status":"open","sticky":false,"template":"","format":"standard","meta":{"footnotes":""},"categories":[],"tags":[],"class_list":["post-22674","post","type-post","status-publish","format-standard","hentry"],"_links":{"self":[{"href":"https:\/\/ugelchucuito.edu.pe\/portal\/wp-json\/wp\/v2\/posts\/22674","targetHints":{"allow":["GET"]}}],"collection":[{"href":"https:\/\/ugelchucuito.edu.pe\/portal\/wp-json\/wp\/v2\/posts"}],"about":[{"href":"https:\/\/ugelchucuito.edu.pe\/portal\/wp-json\/wp\/v2\/types\/post"}],"author":[{"embeddable":true,"href":"https:\/\/ugelchucuito.edu.pe\/portal\/wp-json\/wp\/v2\/users\/2"}],"replies":[{"embeddable":true,"href":"https:\/\/ugelchucuito.edu.pe\/portal\/wp-json\/wp\/v2\/comments?post=22674"}],"version-history":[{"count":1,"href":"https:\/\/ugelchucuito.edu.pe\/portal\/wp-json\/wp\/v2\/posts\/22674\/revisions"}],"predecessor-version":[{"id":22676,"href":"https:\/\/ugelchucuito.edu.pe\/portal\/wp-json\/wp\/v2\/posts\/22674\/revisions\/22676"}],"wp:attachment":[{"href":"https:\/\/ugelchucuito.edu.pe\/portal\/wp-json\/wp\/v2\/media?parent=22674"}],"wp:term":[{"taxonomy":"category","embeddable":true,"href":"https:\/\/ugelchucuito.edu.pe\/portal\/wp-json\/wp\/v2\/categories?post=22674"},{"taxonomy":"post_tag","embeddable":true,"href":"https:\/\/ugelchucuito.edu.pe\/portal\/wp-json\/wp\/v2\/tags?post=22674"}],"curies":[{"name":"wp","href":"https:\/\/api.w.org\/{rel}","templated":true}]}}