{"id":22776,"date":"2023-12-14T22:55:39","date_gmt":"2023-12-15T03:55:39","guid":{"rendered":"http:\/\/ugelchucuito.edu.pe\/portal\/?p=22776"},"modified":"2023-12-14T22:55:41","modified_gmt":"2023-12-15T03:55:41","slug":"finalistas-del-v-concurso-provincial-de-proyectos-de-innovacion-2023","status":"publish","type":"post","link":"https:\/\/ugelchucuito.edu.pe\/portal\/2023\/12\/14\/finalistas-del-v-concurso-provincial-de-proyectos-de-innovacion-2023\/","title":{"rendered":"FINALISTAS DEL V CONCURSO PROVINCIAL DE PROYECTOS DE INNOVACI\u00d3N 2023"},"content":{"rendered":"\n<p>Nuestro Reconocimiento y felicitaciones a todos los maestros(as) innovadores que participaron del evento, <strong>\u00a1ATR\u00c9VETE A INNOVAR!.<\/strong><br><strong>IMPORTANTE:<\/strong> Los coordinadores del proyecto Finalista deben organizar con su equipo innovador, la presentaci\u00f3n del proyecto para su socializaci\u00f3n seg\u00fan estructura compartida.<\/p>\n\n\n\n<figure class=\"wp-block-image size-large\"><img decoding=\"async\" src=\"https:\/\/ugelchucuito.edu.pe\/portal\/wp-content\/uploads\/2023\/12\/RESULTADOS_PUBLICAR_VCPPIE-2023.png\" alt=\"\" class=\"wp-image-22777\" \/><\/figure>\n","protected":false},"excerpt":{"rendered":"<p>Nuestro Reconocimiento y felicitaciones a todos los maestros(as) innovadores que participaron del evento, \u00a1ATR\u00c9VETE A INNOVAR!.IMPORTANTE: Los coordinadores del proyecto Finalista deben organizar con su equipo innovador, la presentaci\u00f3n del proyecto para su socializaci\u00f3n seg\u00fan estructura compartida.<\/p>\n","protected":false},"author":214,"featured_media":0,"comment_status":"closed","ping_status":"closed","sticky":false,"template":"","format":"standard","meta":{"footnotes":""},"categories":[],"tags":[],"class_list":["post-22776","post","type-post","status-publish","format-standard","hentry"],"_links":{"self":[{"href":"https:\/\/ugelchucuito.edu.pe\/portal\/wp-json\/wp\/v2\/posts\/22776","targetHints":{"allow":["GET"]}}],"collection":[{"href":"https:\/\/ugelchucuito.edu.pe\/portal\/wp-json\/wp\/v2\/posts"}],"about":[{"href":"https:\/\/ugelchucuito.edu.pe\/portal\/wp-json\/wp\/v2\/types\/post"}],"author":[{"embeddable":true,"href":"https:\/\/ugelchucuito.edu.pe\/portal\/wp-json\/wp\/v2\/users\/214"}],"replies":[{"embeddable":true,"href":"https:\/\/ugelchucuito.edu.pe\/portal\/wp-json\/wp\/v2\/comments?post=22776"}],"version-history":[{"count":1,"href":"https:\/\/ugelchucuito.edu.pe\/portal\/wp-json\/wp\/v2\/posts\/22776\/revisions"}],"predecessor-version":[{"id":22780,"href":"https:\/\/ugelchucuito.edu.pe\/portal\/wp-json\/wp\/v2\/posts\/22776\/revisions\/22780"}],"wp:attachment":[{"href":"https:\/\/ugelchucuito.edu.pe\/portal\/wp-json\/wp\/v2\/media?parent=22776"}],"wp:term":[{"taxonomy":"category","embeddable":true,"href":"https:\/\/ugelchucuito.edu.pe\/portal\/wp-json\/wp\/v2\/categories?post=22776"},{"taxonomy":"post_tag","embeddable":true,"href":"https:\/\/ugelchucuito.edu.pe\/portal\/wp-json\/wp\/v2\/tags?post=22776"}],"curies":[{"name":"wp","href":"https:\/\/api.w.org\/{rel}","templated":true}]}}