{"id":22809,"date":"2023-12-18T22:11:06","date_gmt":"2023-12-19T03:11:06","guid":{"rendered":"http:\/\/ugelchucuito.edu.pe\/portal\/?p=22809"},"modified":"2023-12-18T22:11:08","modified_gmt":"2023-12-19T03:11:08","slug":"ceremonia-de-reconocimiento-v-concurso-provincial-de-proyectos-de-innovacion","status":"publish","type":"post","link":"https:\/\/ugelchucuito.edu.pe\/portal\/2023\/12\/18\/ceremonia-de-reconocimiento-v-concurso-provincial-de-proyectos-de-innovacion\/","title":{"rendered":"CEREMONIA DE RECONOCIMIENTO | V CONCURSO PROVINCIAL DE PROYECTOS DE INNOVACI\u00d3N"},"content":{"rendered":"\n<p>Un abrazo fraterno apreciados directivos y docentes innovadores, hacemos extensivo la<strong>\u00a0Invitaci\u00f3n a participar de la Ceremonia de Reconocimiento y Premiaci\u00f3n a los Proyectos Finalistas del V Concurso Provincial de Proyectos de Innovaci\u00f3n Educativa | Edici\u00f3n 2023.<\/strong><br><strong><em>Fecha: Martes 19 de Diciembre del 2023<br>Hora: 2.00 p.m.<br>Lugar: SUM UGEL Chucuito Juli- 3er Piso<\/em><\/strong><\/p>\n\n\n\n<p class=\"has-text-align-right\"><strong>\u00a1ATR\u00c9VETE A INNOVAR!<\/strong><br>Equipo del Programa de Mentor\u00eda INNOVA<br>UGEL Chucuito Juli<\/p>\n","protected":false},"excerpt":{"rendered":"<p>Un abrazo fraterno apreciados directivos y docentes innovadores, hacemos extensivo la\u00a0Invitaci\u00f3n a participar de la Ceremonia de Reconocimiento y Premiaci\u00f3n a los Proyectos Finalistas del V Concurso Provincial de Proyectos de Innovaci\u00f3n Educativa | Edici\u00f3n 2023.Fecha: Martes 19 de Diciembre del 2023Hora: 2.00 p.m.Lugar: SUM UGEL Chucuito Juli- 3er Piso \u00a1ATR\u00c9VETE A INNOVAR!Equipo del Programa [&hellip;]<\/p>\n","protected":false},"author":214,"featured_media":0,"comment_status":"closed","ping_status":"closed","sticky":false,"template":"","format":"standard","meta":{"footnotes":""},"categories":[],"tags":[],"class_list":["post-22809","post","type-post","status-publish","format-standard","hentry"],"_links":{"self":[{"href":"https:\/\/ugelchucuito.edu.pe\/portal\/wp-json\/wp\/v2\/posts\/22809","targetHints":{"allow":["GET"]}}],"collection":[{"href":"https:\/\/ugelchucuito.edu.pe\/portal\/wp-json\/wp\/v2\/posts"}],"about":[{"href":"https:\/\/ugelchucuito.edu.pe\/portal\/wp-json\/wp\/v2\/types\/post"}],"author":[{"embeddable":true,"href":"https:\/\/ugelchucuito.edu.pe\/portal\/wp-json\/wp\/v2\/users\/214"}],"replies":[{"embeddable":true,"href":"https:\/\/ugelchucuito.edu.pe\/portal\/wp-json\/wp\/v2\/comments?post=22809"}],"version-history":[{"count":1,"href":"https:\/\/ugelchucuito.edu.pe\/portal\/wp-json\/wp\/v2\/posts\/22809\/revisions"}],"predecessor-version":[{"id":22811,"href":"https:\/\/ugelchucuito.edu.pe\/portal\/wp-json\/wp\/v2\/posts\/22809\/revisions\/22811"}],"wp:attachment":[{"href":"https:\/\/ugelchucuito.edu.pe\/portal\/wp-json\/wp\/v2\/media?parent=22809"}],"wp:term":[{"taxonomy":"category","embeddable":true,"href":"https:\/\/ugelchucuito.edu.pe\/portal\/wp-json\/wp\/v2\/categories?post=22809"},{"taxonomy":"post_tag","embeddable":true,"href":"https:\/\/ugelchucuito.edu.pe\/portal\/wp-json\/wp\/v2\/tags?post=22809"}],"curies":[{"name":"wp","href":"https:\/\/api.w.org\/{rel}","templated":true}]}}