{"id":2304,"date":"2018-04-21T11:03:52","date_gmt":"2018-04-21T16:03:52","guid":{"rendered":"http:\/\/ugelchucuito.edu.pe\/portal\/?p=2304"},"modified":"2018-04-21T15:08:24","modified_gmt":"2018-04-21T20:08:24","slug":"atencion-directivos-de-institucion-educativa","status":"publish","type":"post","link":"https:\/\/ugelchucuito.edu.pe\/portal\/2018\/04\/21\/atencion-directivos-de-institucion-educativa\/","title":{"rendered":"Atenci\u00f3n Directivos de Instituci\u00f3n Educativa"},"content":{"rendered":"<p>Saludos,<\/p>\n<p>Estimados Directivos de Instituci\u00f3n Educativa.<\/p>\n<p>Sea la presente para recordar la\u00a0 sobre la firma de acuerdos y compromisos para la utilizaci\u00f3n de los materiales educativos distribuidos por el Ministerio de Educaci\u00f3n asumidos en nuestra II GIA desarrollada el 19, 20 y 21 de marzo del presente a\u00f1o, en los t\u00e9rminos siguientes:<\/p>\n<ul>\n<li>Promover el uso de materiales educativos en las diferentes \u00e1reas y actividades de aprendizaje.<\/li>\n<li>Adecuar de manera creativa los ambientes necesarios para que tanto docentes y estudiantes tengan acceso al uso efectivo de los materiales educativos.<\/li>\n<li>Gestionar la asistencia t\u00e9cnica para el uso eficiente de los recursos y materiales .<\/li>\n<li>Sensibilizar a la comunidad educativa sobre el buen uso de los materiales educativos.<\/li>\n<li>Establecer acuerdos con docentes y estos con sus estudiantes sobre el buen uso de los materiales educativos, elaborando<strong>\u00a0carteles de compromiso<\/strong>:<br \/>\nYo docente me comprometo a &#8230; ,<br \/>\nYo estudiante me comprometo a&#8230; .<\/li>\n<li>Brindar el apoyo y facilidades a la comisi\u00f3n de la Calidad, Innovaci\u00f3n y Aprendizajes, para que promuevan el uso eficiente de materiales educativos.<\/li>\n<li>Realizar un trabajo coordinado con el equipo de docentes para el adecuado uso de materiales educativos.<\/li>\n<\/ul>\n<p><img decoding=\"async\" src=\"https:\/\/i.pinimg.com\/736x\/0d\/af\/8a\/0daf8a197e92d82fd4b35f9188ecd9e2.jpg\" alt=\"Imagen relacionada\" \/><\/p>\n","protected":false},"excerpt":{"rendered":"<p>Saludos, Estimados Directivos de Instituci\u00f3n Educativa. Sea la presente para recordar la\u00a0 sobre la firma de acuerdos y compromisos para la utilizaci\u00f3n de los materiales educativos distribuidos por el Ministerio de Educaci\u00f3n asumidos en nuestra II GIA desarrollada el 19, 20 y 21 de marzo del presente a\u00f1o, en los t\u00e9rminos siguientes: Promover el uso [&hellip;]<\/p>\n","protected":false},"author":2,"featured_media":0,"comment_status":"open","ping_status":"open","sticky":false,"template":"","format":"standard","meta":{"footnotes":""},"categories":[],"tags":[],"class_list":["post-2304","post","type-post","status-publish","format-standard","hentry"],"_links":{"self":[{"href":"https:\/\/ugelchucuito.edu.pe\/portal\/wp-json\/wp\/v2\/posts\/2304","targetHints":{"allow":["GET"]}}],"collection":[{"href":"https:\/\/ugelchucuito.edu.pe\/portal\/wp-json\/wp\/v2\/posts"}],"about":[{"href":"https:\/\/ugelchucuito.edu.pe\/portal\/wp-json\/wp\/v2\/types\/post"}],"author":[{"embeddable":true,"href":"https:\/\/ugelchucuito.edu.pe\/portal\/wp-json\/wp\/v2\/users\/2"}],"replies":[{"embeddable":true,"href":"https:\/\/ugelchucuito.edu.pe\/portal\/wp-json\/wp\/v2\/comments?post=2304"}],"version-history":[{"count":1,"href":"https:\/\/ugelchucuito.edu.pe\/portal\/wp-json\/wp\/v2\/posts\/2304\/revisions"}],"predecessor-version":[{"id":2307,"href":"https:\/\/ugelchucuito.edu.pe\/portal\/wp-json\/wp\/v2\/posts\/2304\/revisions\/2307"}],"wp:attachment":[{"href":"https:\/\/ugelchucuito.edu.pe\/portal\/wp-json\/wp\/v2\/media?parent=2304"}],"wp:term":[{"taxonomy":"category","embeddable":true,"href":"https:\/\/ugelchucuito.edu.pe\/portal\/wp-json\/wp\/v2\/categories?post=2304"},{"taxonomy":"post_tag","embeddable":true,"href":"https:\/\/ugelchucuito.edu.pe\/portal\/wp-json\/wp\/v2\/tags?post=2304"}],"curies":[{"name":"wp","href":"https:\/\/api.w.org\/{rel}","templated":true}]}}